{"id":19802,"date":"2020-02-03T14:12:08","date_gmt":"2020-02-03T14:12:08","guid":{"rendered":"https:\/\/www.riftrust.com\/eric-major-yatirim-yoluyla-karadag-vatandasligi-hakkinda-konustu\/"},"modified":"2020-02-03T14:12:08","modified_gmt":"2020-02-03T14:12:08","slug":"eric-major-yatirim-yoluyla-karadag-vatandasligi-hakkinda-konustu","status":"publish","type":"post","link":"https:\/\/www.riftrust.com\/tr\/eric-major-yatirim-yoluyla-karadag-vatandasligi-hakkinda-konustu\/","title":{"rendered":"Eric Major Yat\u0131r\u0131m Yoluyla Karada\u011f Vatanda\u015fl\u0131\u011f\u0131 Hakk\u0131nda Konu\u015ftu"},"content":{"rendered":"<p>European Business Magazine ge\u00e7ti\u011fimiz g\u00fcnlerde Latitude Group CEO&#8217;su <a href=\"https:\/\/www.riftrust.com\/teams\/eric-major\/\">Eric Major<\/a> ile bir r\u00f6portaj ger\u00e7ekle\u015ftirdi. Latitude Group, <a href=\"https:\/\/www.latitudeworld.com\/\" target=\"_blank\" rel=\"noopener\">Latitude<\/a> ve RIF Trust&#8217;tan olu\u015fmaktad\u0131r. Eric, yeni Karada\u011f Yat\u0131r\u0131m Yoluyla Vatanda\u015fl\u0131k Program\u0131n\u0131 desteklemek \u00fczere Podgorica&#8217;da bir ofis a\u00e7\u0131ld\u0131\u011f\u0131n\u0131 duyurdu.<\/p>\n<h3><strong>Say\u0131n Major, l\u00fctfen bize Latitude&#8217;u ve uzmanl\u0131k alan\u0131n\u0131z\u0131 tan\u0131t\u0131r m\u0131s\u0131n\u0131z?<\/strong><\/h3>\n<p>Biz, 12 \u00fclkeye yay\u0131lm\u0131\u015f uluslararas\u0131 varl\u0131\u011f\u0131 olan bir yat\u0131r\u0131m g\u00f6\u00e7\u00fc firmas\u0131y\u0131z. Latitude, alternatif ikamet ve\/veya vatanda\u015fl\u0131k almak isteyen \u00f6zel m\u00fc\u015fterilerimize ola\u011fan\u00fcst\u00fc hizmet sunmak i\u00e7in yenilik\u00e7i \u00e7\u00f6z\u00fcmleri k\u00fcresel bir eri\u015fim ve \u015feffaf bir yakla\u015f\u0131mla birle\u015ftirir. Kuzey Amerika&#8217;dan Karayipler&#8217;e, Birle\u015fik Krall\u0131k ve \u0130rlanda&#8217;ya, k\u0131ta Avrupas\u0131&#8217;na ve G\u00fcney Pasifik&#8217;e kadar uzanan bir yelpazede piyasadaki en iyi 20 yat\u0131r\u0131m g\u00f6\u00e7\u00fc program\u0131n\u0131 sunuyoruz.<\/p>\n<p>Latitude ayr\u0131ca, g\u00fcn\u00fcm\u00fczde mevcut olan en ba\u015far\u0131l\u0131 ikamet ve vatanda\u015fl\u0131k programlar\u0131ndan baz\u0131lar\u0131n\u0131n olu\u015fturulmas\u0131nda 25 y\u0131l\u0131 a\u015fk\u0131n deneyime sahip bir H\u00fck\u00fcmet Dan\u0131\u015fma Ekibine sahiptir. En son g\u00f6revimiz, Anguilla H\u00fck\u00fcmeti ile birlikte, y\u00fcksek de\u011fere sahip sakinleri, onlara \u00e7ok rekabet\u00e7i bir vergi rejimi sa\u011flama kar\u015f\u0131l\u0131\u011f\u0131nda g\u00fczel k\u0131y\u0131lar\u0131na \u00e7ekmek i\u00e7in kuruldu.<\/p>\n<h3><strong>Yurtd\u0131\u015f\u0131nda ikinci bir vatanda\u015fl\u0131k veya ikamet arayan m\u00fc\u015fterilerinizi motive eden \u015fey nedir?<\/strong><\/h3>\n<p>M\u00fc\u015fterilerimizi genellikle bir ba\u015fvuruda bulunmaya motive eden 7 temel etken vard\u0131r:<\/p>\n<ol>\n<li>Hareketlilik: Daha \u00f6nce zaman alan vize ba\u015fvuru s\u00fcre\u00e7leriyle k\u0131s\u0131tlanan \u00fclkelere seyahati m\u00fcmk\u00fcn k\u0131lar.<\/li>\n<li>G\u00fcvenlik: Gidilecek g\u00fcvenli ve ger\u00e7ekten kal\u0131c\u0131 bir alternatif yer sa\u011flayan hareket \u00f6zg\u00fcrl\u00fc\u011f\u00fc. Etkili bir \u015fekilde, ihtiya\u00e7 duyulmas\u0131 halinde bir &#8216;B Plan\u0131&#8217; sigorta poli\u00e7esi.<\/li>\n<li>Ya\u015fam Kalitesi: T\u00fcm aile i\u00e7in daha iyi ya\u015fam kalitesi, iklim, kamu hizmetleri, \u00e7evre ve ki\u015fisel g\u00fcvenlik.<\/li>\n<li>E\u011fitim: Y\u00fcksek dereceli bir okuldan mezun olmak ve temel dil becerilerini \u00f6\u011frenmek, ba\u015far\u0131l\u0131 bir kariyerin temeli olarak giderek daha fazla \u00f6nem kazanmaktad\u0131r.<\/li>\n<li>\u0130\u015f d\u00fcnyas\u0131: Alternatif ikamet ve vatanda\u015fl\u0131k, i\u015flerini yeni bir pazarda kurmak ya da yeniden konumland\u0131rmak isteyenler i\u00e7in yeni pazarlar a\u00e7abilir.<\/li>\n<li>Emeklilik: G\u00fcvenli ve cazip bir \u00fclkede emekli olma imkan\u0131 sa\u011flamak.<\/li>\n<li>Vergi Planlamas\u0131: D\u00fcnya \u00e7ap\u0131nda \u00e7ok say\u0131da ikametgah\u0131 olan K\u00fcresel Vatanda\u015flar, daha d\u00fc\u015f\u00fck bir vergi y\u00fck\u00fc elde etmek i\u00e7in ya\u015famlar\u0131n\u0131 d\u00fczenleyebilirler.<\/li>\n<\/ol>\n<h3><strong>Ba\u015flat\u0131lan yeni vatanda\u015fl\u0131k programlar\u0131 var m\u0131?<\/strong><strong>Avrupa&#8217;da okuyucular\u0131m\u0131z\u0131n ilgisini \u00e7ekebilecek bir \u015fey var m\u0131?<\/strong><\/h3>\n<p>En son Yat\u0131r\u0131m Yoluyla Vatanda\u015fl\u0131k Program\u0131 (CIP) Karada\u011f&#8217;da uygulan\u0131yor ve olduk\u00e7a pop\u00fcler olmas\u0131n\u0131 bekliyoruz. \u00dclkenin kuzeyinde 250.000 Avro&#8217;dan, g\u00fcneyinde ise 450.000 Avro&#8217;dan ba\u015flayan fiyatlarla gayrimenkul sat\u0131n al\u0131nmas\u0131n\u0131 ve 100.000 Avro tutar\u0131nda devlet ba\u011f\u0131\u015f\u0131 yap\u0131lmas\u0131n\u0131 i\u00e7ermektedir.<\/p>\n<p>Birka\u00e7 ek durum tespiti ve i\u015flem \u00fccreti vard\u0131r, ancak program Malta CIP maliyetinin yar\u0131s\u0131 ve K\u0131br\u0131s CIP maliyetinin d\u00f6rtte biri olacakt\u0131r. Bu nedenle, Karada\u011f&#8217;\u0131n birka\u00e7 y\u0131l i\u00e7inde AB&#8217;ye girmesi beklendi\u011finden, \u00f6n\u00fcm\u00fczdeki y\u0131llarda de\u011feri artacak bir pasaport sa\u011flayan makul fiyatl\u0131 bir CIP arayan m\u00fc\u015fteriler i\u00e7in \u00e7ok caziptir. Ve bu program\u0131n sadece 2.000 ba\u015fvuru ile s\u0131n\u0131rl\u0131 olmas\u0131 nedeniyle, \u00e7ok \u00f6zel bir teklif olmas\u0131 muhtemeldir.<\/p>\n<h3><strong>Karada\u011f CIP&#8217;sinin ba\u015fl\u0131ca cazibe merkezleri nelerdir?<\/strong><\/h3>\n<p>\u00dclke hen\u00fcz Avrupa Birli\u011fi \u00fcyesi olmamakla birlikte, 2006 y\u0131l\u0131nda kat\u0131l\u0131m s\u00fcrecine ba\u015flam\u0131\u015ft\u0131r ve 2025 y\u0131l\u0131nda kat\u0131lmas\u0131 beklenmektedir. Bu kesinlikle pasaportun g\u00fcc\u00fcn\u00fc art\u0131racakt\u0131r. AB \u00fcyeli\u011fi kabul edilirse, vatanda\u015flar, t\u00fcm AB \u00dcye Devletlerinde yerle\u015fme hakk\u0131 gibi di\u011fer AB vatanda\u015flar\u0131yla ayn\u0131 haklara sahip olacaklard\u0131r. Halihaz\u0131rda pasaport yakla\u015f\u0131k 123 \u00fclkeye vizesiz seyahat imkan\u0131 sa\u011flamaktad\u0131r, ancak \u00fclke AB&#8217;ye resmen kat\u0131ld\u0131\u011f\u0131nda bu say\u0131 \u00f6nemli \u00f6l\u00e7\u00fcde artacak ve muhtemelen K\u0131br\u0131s (173 vizesiz \u00fclke) ve Malta&#8217;ya (183 vizesiz \u00fclke) yakla\u015facakt\u0131r.<\/p>\n<p>Karada\u011f ayn\u0131 zamanda Avrupa&#8217;n\u0131n en h\u0131zl\u0131 b\u00fcy\u00fcyen emlak piyasalar\u0131ndan birine sahiptir, \u00e7\u00fcnk\u00fc hem pitoresk hem de \u00e7ekici bir seyahat ve ya\u015fam destinasyonudur. \u00dclke Adriyatik Denizi&#8217;nde yer ald\u0131\u011f\u0131ndan, Karada\u011f da l\u00fcks yat\u00e7\u0131l\u0131k destinasyonu olarak muazzam bir b\u00fcy\u00fcme ya\u015f\u0131yor. Akdeniz yat\u00e7\u0131l\u0131k turunda h\u0131zla zorunlu bir durak haline geliyor.<\/p>\n<p>Son olarak Karada\u011f, Avrupa&#8217;daki en cazip vergi sistemlerinden birini sunmaktad\u0131r. Ki\u015fisel ve kurumsal gelir vergisi i\u00e7in %9&#8217;luk basit ve yal\u0131n bir sabit orana sahiptirler.<\/p>\n<h3><strong>Latitude bu programda m\u00fc\u015fterilerine yard\u0131mc\u0131 olmak i\u00e7in nas\u0131l konumland\u0131r\u0131ld\u0131?<\/strong><\/h3>\n<p>Ba\u015fkent Podgorica&#8217;da yeni bir ofis a\u00e7t\u0131k ve d\u00fcnya genelinde 12&#8217;den fazla ofisten olu\u015fan a\u011f\u0131m\u0131za kat\u0131ld\u0131k. Karada\u011f ofisimiz, m\u00fc\u015fterilerimize daha iyi hizmet vermemizi ve t\u00fcm ba\u015fvuru s\u00fcreci boyunca onlar\u0131 ger\u00e7ekten elimizde tutmam\u0131z\u0131 sa\u011fl\u0131yor. M\u00fc\u015fterilerimizin uluslararas\u0131 emlak yat\u0131r\u0131m portf\u00f6ylerine y\u00f6nelik y\u00fcksek taleplerini kar\u015f\u0131lad\u0131klar\u0131ndan emin olmak i\u00e7in mevcut nitelikli gayrimenkul geli\u015ftirmelerini aktif olarak inceliyoruz. Geli\u015ftiricinin kan\u0131tlanm\u0131\u015f bir ge\u00e7mi\u015fe sahip olmas\u0131n\u0131, m\u00fclk\u00fcn y\u00fcksek kaliteli olmas\u0131n\u0131 ve gerekli be\u015f y\u0131ll\u0131k bekletme s\u00fcresinden sonra net bir \u00e7\u0131k\u0131\u015f stratejisi olmas\u0131n\u0131 sa\u011fl\u0131yoruz.<\/p>\n<p>Yerel ekibimiz \u00fclke hakk\u0131nda derinlemesine yerel bilgiye sahiptir ve bu da \u015firketle\u015fme, bankac\u0131l\u0131k veya yat\u0131r\u0131m hizmetleri yoluyla \u00fclkede daha g\u00fc\u00e7l\u00fc bir ayak izi geli\u015ftirmek isteyen m\u00fc\u015fteriler i\u00e7in onay sonras\u0131 hizmetler de dahil olmak \u00fczere uygun ve ki\u015fiselle\u015ftirilmi\u015f bir hizmet sunmam\u0131z\u0131 sa\u011flar. Ofisimiz m\u00fc\u015fterilerimiz i\u00e7in tek durak noktas\u0131d\u0131r.<\/p>\n<h3><strong>Okuyucular\u0131m\u0131z bu heyecan verici yeni vatanda\u015fl\u0131k program\u0131 hakk\u0131nda daha fazla bilgiyi nas\u0131l edinebilirler?<\/strong><\/h3>\n<p>\u0130ngiltere&#8217;de yerle\u015fik m\u00fc\u015fterilerimiz daha fazla bilgi i\u00e7in +44 1534 281 118 numaral\u0131 telefondan Jersey ofisimizle ileti\u015fime ge\u00e7ebilirler. Yerel Karada\u011f ofisimizi +382 20 33 15 93 numaral\u0131 telefondan arayabilirler. Bize <a href=\"mailto:info@latitudeworld.com\">info@latitudeworld.com<\/a> adresinden e-posta yoluyla da ula\u015fabilirsiniz.<\/p>\n<p><a href=\"https:\/\/www.riftrust.com\/media\/1723\/eric-major_2-1.pdf\">Makalenin orijinalini<\/a> European Business Magazine&#8217;de g\u00f6r\u00fcnt\u00fcleyin.<\/p>\n<p>T\u00fcm RCBI ihtiya\u00e7lar\u0131n\u0131z i\u00e7in gecikmeyin ve bug\u00fcn <a href=\"https:\/\/www.riftrust.com\/contact\/\">bizimle ileti\u015fime<\/a> ge\u00e7in.<\/p>\n","protected":false},"excerpt":{"rendered":"<p>European Business Magazine ge\u00e7ti\u011fimiz g\u00fcnlerde Latitude Group CEO&#8217;su Eric Major ile bir r\u00f6portaj ger\u00e7ekle\u015ftirdi. Latitude Group, Latitude ve RIF Trust&#8217;tan olu\u015fmaktad\u0131r. Eric, yeni Karada\u011f Yat\u0131r\u0131m Yoluyla Vatanda\u015fl\u0131k Program\u0131n\u0131 desteklemek \u00fczere Podgorica&#8217;da bir ofis a\u00e7\u0131ld\u0131\u011f\u0131n\u0131 duyurdu. Say\u0131n Major, l\u00fctfen bize Latitude&#8217;u ve uzmanl\u0131k alan\u0131n\u0131z\u0131 tan\u0131t\u0131r m\u0131s\u0131n\u0131z? Biz, 12 \u00fclkeye yay\u0131lm\u0131\u015f uluslararas\u0131 varl\u0131\u011f\u0131 olan bir yat\u0131r\u0131m g\u00f6\u00e7\u00fc [&hellip;]<\/p>\n","protected":false},"author":11,"featured_media":17339,"comment_status":"open","ping_status":"open","sticky":false,"template":"","format":"standard","meta":{"_acf_changed":false,"footnotes":"","_wp_rev_ctl_limit":""},"categories":[328],"tags":[1260,967,1496],"class_list":["post-19802","post","type-post","status-publish","format-standard","has-post-thumbnail","hentry","category-avrupa","tag-avrupa-vatandasligi","tag-karadag-vatandasligi","tag-montegro-cip-tr"],"acf":[],"yoast_head":"<!-- This site is optimized with the Yoast SEO Premium plugin v23.4 (Yoast SEO v27.5) - https:\/\/yoast.com\/product\/yoast-seo-premium-wordpress\/ -->\n<title>Eric Major Yat\u0131r\u0131m Yoluyla Karada\u011f Vatanda\u015fl\u0131\u011f\u0131 Hakk\u0131nda Konu\u015ftu - RIF Trust<\/title>\n<meta name=\"description\" content=\"Latitude Group CEO&#039;su Eric Major, European Business Magazine&#039;e verdi\u011fi r\u00f6portajda yat\u0131r\u0131m yoluyla Montegro vatanda\u015fl\u0131\u011f\u0131n\u0131 ele al\u0131yor.\" \/>\n<meta name=\"robots\" content=\"index, follow, max-snippet:-1, max-image-preview:large, max-video-preview:-1\" \/>\n<link rel=\"canonical\" href=\"https:\/\/www.riftrust.com\/tr\/eric-major-yatirim-yoluyla-karadag-vatandasligi-hakkinda-konustu\/\" \/>\n<meta property=\"og:locale\" content=\"tr_TR\" \/>\n<meta property=\"og:type\" content=\"article\" \/>\n<meta property=\"og:title\" content=\"Eric Major Yat\u0131r\u0131m Yoluyla Karada\u011f Vatanda\u015fl\u0131\u011f\u0131 Hakk\u0131nda Konu\u015ftu\" \/>\n<meta property=\"og:description\" content=\"Latitude Group CEO&#039;su Eric Major, European Business Magazine&#039;e verdi\u011fi r\u00f6portajda yat\u0131r\u0131m yoluyla Montegro vatanda\u015fl\u0131\u011f\u0131n\u0131 ele al\u0131yor.\" \/>\n<meta property=\"og:url\" content=\"https:\/\/www.riftrust.com\/tr\/eric-major-yatirim-yoluyla-karadag-vatandasligi-hakkinda-konustu\/\" \/>\n<meta property=\"og:site_name\" content=\"RIF Trust\" \/>\n<meta property=\"article:publisher\" content=\"https:\/\/www.facebook.com\/riftrustllc\/\" \/>\n<meta property=\"article:published_time\" content=\"2020-02-03T14:12:08+00:00\" \/>\n<meta property=\"og:image\" content=\"https:\/\/www.riftrust.com\/wp-content\/uploads\/2020\/02\/Montenegro-1024x683.jpg\" \/>\n\t<meta property=\"og:image:width\" content=\"1024\" \/>\n\t<meta property=\"og:image:height\" content=\"683\" \/>\n\t<meta property=\"og:image:type\" content=\"image\/jpeg\" \/>\n<meta name=\"author\" content=\"Basem Rahouma\" \/>\n<meta name=\"twitter:card\" content=\"summary_large_image\" \/>\n<meta name=\"twitter:creator\" content=\"@rif_trust\" \/>\n<meta name=\"twitter:site\" content=\"@rif_trust\" \/>\n<meta name=\"twitter:label1\" content=\"Yazan:\" \/>\n\t<meta name=\"twitter:data1\" content=\"Basem Rahouma\" \/>\n\t<meta name=\"twitter:label2\" content=\"Tahmini okuma s\u00fcresi\" \/>\n\t<meta name=\"twitter:data2\" content=\"5 dakika\" \/>\n<script type=\"application\/ld+json\" class=\"yoast-schema-graph\">{\"@context\":\"https:\\\/\\\/schema.org\",\"@graph\":[{\"@type\":\"Article\",\"@id\":\"https:\\\/\\\/www.riftrust.com\\\/tr\\\/eric-major-yatirim-yoluyla-karadag-vatandasligi-hakkinda-konustu\\\/#article\",\"isPartOf\":{\"@id\":\"https:\\\/\\\/www.riftrust.com\\\/tr\\\/eric-major-yatirim-yoluyla-karadag-vatandasligi-hakkinda-konustu\\\/\"},\"author\":{\"name\":\"Basem Rahouma\",\"@id\":\"https:\\\/\\\/www.riftrust.com\\\/tr\\\/#\\\/schema\\\/person\\\/5d8768ac4e00b082212a9f4636c66611\"},\"headline\":\"Eric Major Yat\u0131r\u0131m Yoluyla Karada\u011f Vatanda\u015fl\u0131\u011f\u0131 Hakk\u0131nda Konu\u015ftu\",\"datePublished\":\"2020-02-03T14:12:08+00:00\",\"mainEntityOfPage\":{\"@id\":\"https:\\\/\\\/www.riftrust.com\\\/tr\\\/eric-major-yatirim-yoluyla-karadag-vatandasligi-hakkinda-konustu\\\/\"},\"wordCount\":1096,\"commentCount\":0,\"publisher\":{\"@id\":\"https:\\\/\\\/www.riftrust.com\\\/tr\\\/#organization\"},\"image\":{\"@id\":\"https:\\\/\\\/www.riftrust.com\\\/tr\\\/eric-major-yatirim-yoluyla-karadag-vatandasligi-hakkinda-konustu\\\/#primaryimage\"},\"thumbnailUrl\":\"https:\\\/\\\/www.riftrust.com\\\/wp-content\\\/uploads\\\/2020\\\/02\\\/Montenegro.jpg\",\"keywords\":[\"avrupa vatanda\u015fli\u011fi\",\"karada\u011f vatanda\u015fli\u011fi\",\"montegro cip\"],\"articleSection\":[\"Avrupa\"],\"inLanguage\":\"tr\",\"potentialAction\":[{\"@type\":\"CommentAction\",\"name\":\"Comment\",\"target\":[\"https:\\\/\\\/www.riftrust.com\\\/tr\\\/eric-major-yatirim-yoluyla-karadag-vatandasligi-hakkinda-konustu\\\/#respond\"]}]},{\"@type\":\"WebPage\",\"@id\":\"https:\\\/\\\/www.riftrust.com\\\/tr\\\/eric-major-yatirim-yoluyla-karadag-vatandasligi-hakkinda-konustu\\\/\",\"url\":\"https:\\\/\\\/www.riftrust.com\\\/tr\\\/eric-major-yatirim-yoluyla-karadag-vatandasligi-hakkinda-konustu\\\/\",\"name\":\"Eric Major Yat\u0131r\u0131m Yoluyla Karada\u011f Vatanda\u015fl\u0131\u011f\u0131 Hakk\u0131nda Konu\u015ftu - RIF Trust\",\"isPartOf\":{\"@id\":\"https:\\\/\\\/www.riftrust.com\\\/tr\\\/#website\"},\"primaryImageOfPage\":{\"@id\":\"https:\\\/\\\/www.riftrust.com\\\/tr\\\/eric-major-yatirim-yoluyla-karadag-vatandasligi-hakkinda-konustu\\\/#primaryimage\"},\"image\":{\"@id\":\"https:\\\/\\\/www.riftrust.com\\\/tr\\\/eric-major-yatirim-yoluyla-karadag-vatandasligi-hakkinda-konustu\\\/#primaryimage\"},\"thumbnailUrl\":\"https:\\\/\\\/www.riftrust.com\\\/wp-content\\\/uploads\\\/2020\\\/02\\\/Montenegro.jpg\",\"datePublished\":\"2020-02-03T14:12:08+00:00\",\"description\":\"Latitude Group CEO'su Eric Major, European Business Magazine'e verdi\u011fi r\u00f6portajda yat\u0131r\u0131m yoluyla Montegro vatanda\u015fl\u0131\u011f\u0131n\u0131 ele al\u0131yor.\",\"breadcrumb\":{\"@id\":\"https:\\\/\\\/www.riftrust.com\\\/tr\\\/eric-major-yatirim-yoluyla-karadag-vatandasligi-hakkinda-konustu\\\/#breadcrumb\"},\"inLanguage\":\"tr\",\"potentialAction\":[{\"@type\":\"ReadAction\",\"target\":[\"https:\\\/\\\/www.riftrust.com\\\/tr\\\/eric-major-yatirim-yoluyla-karadag-vatandasligi-hakkinda-konustu\\\/\"]}]},{\"@type\":\"ImageObject\",\"inLanguage\":\"tr\",\"@id\":\"https:\\\/\\\/www.riftrust.com\\\/tr\\\/eric-major-yatirim-yoluyla-karadag-vatandasligi-hakkinda-konustu\\\/#primaryimage\",\"url\":\"https:\\\/\\\/www.riftrust.com\\\/wp-content\\\/uploads\\\/2020\\\/02\\\/Montenegro.jpg\",\"contentUrl\":\"https:\\\/\\\/www.riftrust.com\\\/wp-content\\\/uploads\\\/2020\\\/02\\\/Montenegro.jpg\",\"width\":7800,\"height\":5200,\"caption\":\"Montenegro citizenship by investment was the subject of an European Business Magazine interview with Latitude Group CEO, Eric Major.\"},{\"@type\":\"BreadcrumbList\",\"@id\":\"https:\\\/\\\/www.riftrust.com\\\/tr\\\/eric-major-yatirim-yoluyla-karadag-vatandasligi-hakkinda-konustu\\\/#breadcrumb\",\"itemListElement\":[{\"@type\":\"ListItem\",\"position\":1,\"name\":\"Home\",\"item\":\"https:\\\/\\\/www.riftrust.com\\\/tr\\\/ev\\\/\"},{\"@type\":\"ListItem\",\"position\":2,\"name\":\"Eric Major Yat\u0131r\u0131m Yoluyla Karada\u011f Vatanda\u015fl\u0131\u011f\u0131 Hakk\u0131nda Konu\u015ftu\"}]},{\"@type\":\"WebSite\",\"@id\":\"https:\\\/\\\/www.riftrust.com\\\/tr\\\/#website\",\"url\":\"https:\\\/\\\/www.riftrust.com\\\/tr\\\/\",\"name\":\"RIF Trust\",\"description\":\"Residency and Citizenship by investment\",\"publisher\":{\"@id\":\"https:\\\/\\\/www.riftrust.com\\\/tr\\\/#organization\"},\"potentialAction\":[{\"@type\":\"SearchAction\",\"target\":{\"@type\":\"EntryPoint\",\"urlTemplate\":\"https:\\\/\\\/www.riftrust.com\\\/tr\\\/?s={search_term_string}\"},\"query-input\":{\"@type\":\"PropertyValueSpecification\",\"valueRequired\":true,\"valueName\":\"search_term_string\"}}],\"inLanguage\":\"tr\"},{\"@type\":\"Organization\",\"@id\":\"https:\\\/\\\/www.riftrust.com\\\/tr\\\/#organization\",\"name\":\"RIF Trust\",\"url\":\"https:\\\/\\\/www.riftrust.com\\\/tr\\\/\",\"logo\":{\"@type\":\"ImageObject\",\"inLanguage\":\"tr\",\"@id\":\"https:\\\/\\\/www.riftrust.com\\\/tr\\\/#\\\/schema\\\/logo\\\/image\\\/\",\"url\":\"https:\\\/\\\/www.riftrust.com\\\/wp-content\\\/uploads\\\/2023\\\/05\\\/riftrust-logo.png\",\"contentUrl\":\"https:\\\/\\\/www.riftrust.com\\\/wp-content\\\/uploads\\\/2023\\\/05\\\/riftrust-logo.png\",\"width\":500,\"height\":294,\"caption\":\"RIF Trust\"},\"image\":{\"@id\":\"https:\\\/\\\/www.riftrust.com\\\/tr\\\/#\\\/schema\\\/logo\\\/image\\\/\"},\"sameAs\":[\"https:\\\/\\\/www.facebook.com\\\/riftrustllc\\\/\",\"https:\\\/\\\/x.com\\\/rif_trust\",\"https:\\\/\\\/www.instagram.com\\\/riftrust_citizenship\\\/\"]},{\"@type\":\"Person\",\"@id\":\"https:\\\/\\\/www.riftrust.com\\\/tr\\\/#\\\/schema\\\/person\\\/5d8768ac4e00b082212a9f4636c66611\",\"name\":\"Basem Rahouma\",\"url\":\"https:\\\/\\\/www.riftrust.com\\\/tr\\\/author\\\/basem\\\/\"}]}<\/script>\n<!-- \/ Yoast SEO Premium plugin. -->","yoast_head_json":{"title":"Eric Major Yat\u0131r\u0131m Yoluyla Karada\u011f Vatanda\u015fl\u0131\u011f\u0131 Hakk\u0131nda Konu\u015ftu - RIF Trust","description":"Latitude Group CEO'su Eric Major, European Business Magazine'e verdi\u011fi r\u00f6portajda yat\u0131r\u0131m yoluyla Montegro vatanda\u015fl\u0131\u011f\u0131n\u0131 ele al\u0131yor.","robots":{"index":"index","follow":"follow","max-snippet":"max-snippet:-1","max-image-preview":"max-image-preview:large","max-video-preview":"max-video-preview:-1"},"canonical":"https:\/\/www.riftrust.com\/tr\/eric-major-yatirim-yoluyla-karadag-vatandasligi-hakkinda-konustu\/","og_locale":"tr_TR","og_type":"article","og_title":"Eric Major Yat\u0131r\u0131m Yoluyla Karada\u011f Vatanda\u015fl\u0131\u011f\u0131 Hakk\u0131nda Konu\u015ftu","og_description":"Latitude Group CEO'su Eric Major, European Business Magazine'e verdi\u011fi r\u00f6portajda yat\u0131r\u0131m yoluyla Montegro vatanda\u015fl\u0131\u011f\u0131n\u0131 ele al\u0131yor.","og_url":"https:\/\/www.riftrust.com\/tr\/eric-major-yatirim-yoluyla-karadag-vatandasligi-hakkinda-konustu\/","og_site_name":"RIF Trust","article_publisher":"https:\/\/www.facebook.com\/riftrustllc\/","article_published_time":"2020-02-03T14:12:08+00:00","og_image":[{"width":1024,"height":683,"url":"https:\/\/www.riftrust.com\/wp-content\/uploads\/2020\/02\/Montenegro-1024x683.jpg","type":"image\/jpeg"}],"author":"Basem Rahouma","twitter_card":"summary_large_image","twitter_creator":"@rif_trust","twitter_site":"@rif_trust","twitter_misc":{"Yazan:":"Basem Rahouma","Tahmini okuma s\u00fcresi":"5 dakika"},"schema":{"@context":"https:\/\/schema.org","@graph":[{"@type":"Article","@id":"https:\/\/www.riftrust.com\/tr\/eric-major-yatirim-yoluyla-karadag-vatandasligi-hakkinda-konustu\/#article","isPartOf":{"@id":"https:\/\/www.riftrust.com\/tr\/eric-major-yatirim-yoluyla-karadag-vatandasligi-hakkinda-konustu\/"},"author":{"name":"Basem Rahouma","@id":"https:\/\/www.riftrust.com\/tr\/#\/schema\/person\/5d8768ac4e00b082212a9f4636c66611"},"headline":"Eric Major Yat\u0131r\u0131m Yoluyla Karada\u011f Vatanda\u015fl\u0131\u011f\u0131 Hakk\u0131nda Konu\u015ftu","datePublished":"2020-02-03T14:12:08+00:00","mainEntityOfPage":{"@id":"https:\/\/www.riftrust.com\/tr\/eric-major-yatirim-yoluyla-karadag-vatandasligi-hakkinda-konustu\/"},"wordCount":1096,"commentCount":0,"publisher":{"@id":"https:\/\/www.riftrust.com\/tr\/#organization"},"image":{"@id":"https:\/\/www.riftrust.com\/tr\/eric-major-yatirim-yoluyla-karadag-vatandasligi-hakkinda-konustu\/#primaryimage"},"thumbnailUrl":"https:\/\/www.riftrust.com\/wp-content\/uploads\/2020\/02\/Montenegro.jpg","keywords":["avrupa vatanda\u015fli\u011fi","karada\u011f vatanda\u015fli\u011fi","montegro cip"],"articleSection":["Avrupa"],"inLanguage":"tr","potentialAction":[{"@type":"CommentAction","name":"Comment","target":["https:\/\/www.riftrust.com\/tr\/eric-major-yatirim-yoluyla-karadag-vatandasligi-hakkinda-konustu\/#respond"]}]},{"@type":"WebPage","@id":"https:\/\/www.riftrust.com\/tr\/eric-major-yatirim-yoluyla-karadag-vatandasligi-hakkinda-konustu\/","url":"https:\/\/www.riftrust.com\/tr\/eric-major-yatirim-yoluyla-karadag-vatandasligi-hakkinda-konustu\/","name":"Eric Major Yat\u0131r\u0131m Yoluyla Karada\u011f Vatanda\u015fl\u0131\u011f\u0131 Hakk\u0131nda Konu\u015ftu - RIF Trust","isPartOf":{"@id":"https:\/\/www.riftrust.com\/tr\/#website"},"primaryImageOfPage":{"@id":"https:\/\/www.riftrust.com\/tr\/eric-major-yatirim-yoluyla-karadag-vatandasligi-hakkinda-konustu\/#primaryimage"},"image":{"@id":"https:\/\/www.riftrust.com\/tr\/eric-major-yatirim-yoluyla-karadag-vatandasligi-hakkinda-konustu\/#primaryimage"},"thumbnailUrl":"https:\/\/www.riftrust.com\/wp-content\/uploads\/2020\/02\/Montenegro.jpg","datePublished":"2020-02-03T14:12:08+00:00","description":"Latitude Group CEO'su Eric Major, European Business Magazine'e verdi\u011fi r\u00f6portajda yat\u0131r\u0131m yoluyla Montegro vatanda\u015fl\u0131\u011f\u0131n\u0131 ele al\u0131yor.","breadcrumb":{"@id":"https:\/\/www.riftrust.com\/tr\/eric-major-yatirim-yoluyla-karadag-vatandasligi-hakkinda-konustu\/#breadcrumb"},"inLanguage":"tr","potentialAction":[{"@type":"ReadAction","target":["https:\/\/www.riftrust.com\/tr\/eric-major-yatirim-yoluyla-karadag-vatandasligi-hakkinda-konustu\/"]}]},{"@type":"ImageObject","inLanguage":"tr","@id":"https:\/\/www.riftrust.com\/tr\/eric-major-yatirim-yoluyla-karadag-vatandasligi-hakkinda-konustu\/#primaryimage","url":"https:\/\/www.riftrust.com\/wp-content\/uploads\/2020\/02\/Montenegro.jpg","contentUrl":"https:\/\/www.riftrust.com\/wp-content\/uploads\/2020\/02\/Montenegro.jpg","width":7800,"height":5200,"caption":"Montenegro citizenship by investment was the subject of an European Business Magazine interview with Latitude Group CEO, Eric Major."},{"@type":"BreadcrumbList","@id":"https:\/\/www.riftrust.com\/tr\/eric-major-yatirim-yoluyla-karadag-vatandasligi-hakkinda-konustu\/#breadcrumb","itemListElement":[{"@type":"ListItem","position":1,"name":"Home","item":"https:\/\/www.riftrust.com\/tr\/ev\/"},{"@type":"ListItem","position":2,"name":"Eric Major Yat\u0131r\u0131m Yoluyla Karada\u011f Vatanda\u015fl\u0131\u011f\u0131 Hakk\u0131nda Konu\u015ftu"}]},{"@type":"WebSite","@id":"https:\/\/www.riftrust.com\/tr\/#website","url":"https:\/\/www.riftrust.com\/tr\/","name":"RIF Trust","description":"Residency and Citizenship by investment","publisher":{"@id":"https:\/\/www.riftrust.com\/tr\/#organization"},"potentialAction":[{"@type":"SearchAction","target":{"@type":"EntryPoint","urlTemplate":"https:\/\/www.riftrust.com\/tr\/?s={search_term_string}"},"query-input":{"@type":"PropertyValueSpecification","valueRequired":true,"valueName":"search_term_string"}}],"inLanguage":"tr"},{"@type":"Organization","@id":"https:\/\/www.riftrust.com\/tr\/#organization","name":"RIF Trust","url":"https:\/\/www.riftrust.com\/tr\/","logo":{"@type":"ImageObject","inLanguage":"tr","@id":"https:\/\/www.riftrust.com\/tr\/#\/schema\/logo\/image\/","url":"https:\/\/www.riftrust.com\/wp-content\/uploads\/2023\/05\/riftrust-logo.png","contentUrl":"https:\/\/www.riftrust.com\/wp-content\/uploads\/2023\/05\/riftrust-logo.png","width":500,"height":294,"caption":"RIF Trust"},"image":{"@id":"https:\/\/www.riftrust.com\/tr\/#\/schema\/logo\/image\/"},"sameAs":["https:\/\/www.facebook.com\/riftrustllc\/","https:\/\/x.com\/rif_trust","https:\/\/www.instagram.com\/riftrust_citizenship\/"]},{"@type":"Person","@id":"https:\/\/www.riftrust.com\/tr\/#\/schema\/person\/5d8768ac4e00b082212a9f4636c66611","name":"Basem Rahouma","url":"https:\/\/www.riftrust.com\/tr\/author\/basem\/"}]}},"_links":{"self":[{"href":"https:\/\/www.riftrust.com\/tr\/wp-json\/wp\/v2\/posts\/19802","targetHints":{"allow":["GET"]}}],"collection":[{"href":"https:\/\/www.riftrust.com\/tr\/wp-json\/wp\/v2\/posts"}],"about":[{"href":"https:\/\/www.riftrust.com\/tr\/wp-json\/wp\/v2\/types\/post"}],"author":[{"embeddable":true,"href":"https:\/\/www.riftrust.com\/tr\/wp-json\/wp\/v2\/users\/11"}],"replies":[{"embeddable":true,"href":"https:\/\/www.riftrust.com\/tr\/wp-json\/wp\/v2\/comments?post=19802"}],"version-history":[{"count":0,"href":"https:\/\/www.riftrust.com\/tr\/wp-json\/wp\/v2\/posts\/19802\/revisions"}],"wp:featuredmedia":[{"embeddable":true,"href":"https:\/\/www.riftrust.com\/tr\/wp-json\/wp\/v2\/media\/17339"}],"wp:attachment":[{"href":"https:\/\/www.riftrust.com\/tr\/wp-json\/wp\/v2\/media?parent=19802"}],"wp:term":[{"taxonomy":"category","embeddable":true,"href":"https:\/\/www.riftrust.com\/tr\/wp-json\/wp\/v2\/categories?post=19802"},{"taxonomy":"post_tag","embeddable":true,"href":"https:\/\/www.riftrust.com\/tr\/wp-json\/wp\/v2\/tags?post=19802"}],"curies":[{"name":"wp","href":"https:\/\/api.w.org\/{rel}","templated":true}]}}