{"id":28491,"date":"2024-03-20T12:45:37","date_gmt":"2024-03-20T12:45:37","guid":{"rendered":"https:\/\/www.riftrust.com\/schengen-bolgesi-bulgaristan-ve-romanyayi-da-kapsayacak-sekilde-genisliyor\/"},"modified":"2024-03-20T12:45:37","modified_gmt":"2024-03-20T12:45:37","slug":"schengen-bolgesi-bulgaristan-ve-romanyayi-da-kapsayacak-sekilde-genisliyor","status":"publish","type":"post","link":"https:\/\/www.riftrust.com\/tr\/schengen-bolgesi-bulgaristan-ve-romanyayi-da-kapsayacak-sekilde-genisliyor\/","title":{"rendered":"Schengen B\u00f6lgesi Bulgaristan ve Romanya&#8217;y\u0131 da Kapsayacak \u015eekilde Geni\u015fliyor"},"content":{"rendered":"<p><span style=\"font-weight: 400;\">Bu <\/span><a href=\"https:\/\/commission.europa.eu\/index_en\" target=\"_blank\" rel=\"noopener\"><br \/>\n  <span style=\"font-weight: 400;\">Avrupa Komisyonu<\/span><br \/>\n<\/a><span style=\"font-weight: 400;\">  (EC), Bulgaristan ve Romanya&#8217;n\u0131n 31 Mart 2024 Pazar g\u00fcn\u00fc Schengen B\u00f6lgesine kat\u0131laca\u011f\u0131n\u0131 a\u00e7\u0131klad\u0131. Ama t\u00fcm bunlar ne anlama geliyor? Arka plan\u0131n\u0131 ve sonu\u00e7lar\u0131n\u0131 ele alan bu Latitude haberinde \u00f6\u011frenin.<\/span><\/p>\n<h3><b>Schengen A\u00e7\u0131klamas\u0131<\/b><\/h3>\n<p><span style=\"font-weight: 400;\">1980&#8217;lerin ortalar\u0131nda Avrupa Birli\u011fi (AB) \u00fclkeleri AB i\u00e7inde serbest dola\u015f\u0131mdan bahsetmeye ba\u015flad\u0131lar. 1985&#8217;te L\u00fcksemburg&#8217;un k\u00fc\u00e7\u00fck Schengen k\u00f6y\u00fcnde b\u00fcy\u00fck bir karar al\u0131nd\u0131.  <\/span><\/p>\n<p><span style=\"font-weight: 400;\">\u0130mzac\u0131 taraflar ortak s\u0131n\u0131rlarda kontrolleri a\u015famal\u0131 olarak kald\u0131rmay\u0131 kabul etmi\u015f ve bir Konvansiyon bu Anla\u015fmay\u0131 y\u00fcr\u00fcrl\u00fc\u011fe koymu\u015ftur. Ancak 1995 y\u0131l\u0131na kadar, 7 AB \u00fclkesinden olu\u015fan Schengen B\u00f6lgesi ya da di\u011fer ad\u0131yla Schengen Alan\u0131 hayata ge\u00e7medi.<\/span><\/p>\n<p><span style=\"font-weight: 400;\">Yeni Milenyum&#8217;un bu taraf\u0131nda, \u00fcye say\u0131s\u0131 Mart 2024&#8217;\u00fcn sonunda 29&#8217;a y\u00fckselecek. K\u0131br\u0131s ve \u0130rlanda d\u0131\u015f\u0131nda \u00e7o\u011fu AB \u00fclkesi Schengen B\u00f6lgesi \u00fcyesidir. AB \u00fcyesi olmayan \u0130zlanda, Lihten\u015ftayn, Norve\u00e7 ve \u0130svi\u00e7re de b\u00f6lgeye dahildir.<\/span><\/p>\n<h3><b>RIF Trust Bulgaristan ve Romanya&#8217;n\u0131n Kat\u0131l\u0131m\u0131n\u0131 De\u011ferlendiriyor<\/b><\/h3>\n<p><span style=\"font-weight: 400;\">Avrupa Oturma \u0130zni ve Yat\u0131r\u0131m Yoluyla Vatanda\u015fl\u0131k uzman\u0131m\u0131z <\/span><a href=\"https:\/\/www.riftrust.com\/teams\/ilana-meyer\/\"><br \/>\n  <span style=\"font-weight: 400;\">Ilana van Huyssteen-Meyer<\/span><br \/>\n<\/a><span style=\"font-weight: 400;\"> mevcut ve potansiyel yat\u0131r\u0131mc\u0131lara sa\u011flayaca\u011f\u0131 ekstra faydalara dikkat \u00e7ekiyor.<\/span><\/p>\n<p><span style=\"font-weight: 400;\">  &#8220;Malta Daimi \u0130kamet Program\u0131 ile birlikte Yunanistan, Portekiz ve \u0130spanya Alt\u0131n Vizeleri daha fazla de\u011fer ta\u015f\u0131yacak,&#8221; diye a\u00e7\u0131kl\u0131yor.<\/span><\/p>\n<p><span style=\"font-weight: 400;\">&#8220;Neden mi? Golden Visa sahipleri ve ailelerinin vizeye ihtiya\u00e7 duymadan girebildikleri 27 \u00fclke yerine 29 \u00fclke olacak. Bu da onlar\u0131n i\u015f ve tatil ama\u00e7l\u0131 seyahat olanaklar\u0131n\u0131 geni\u015fletiyor.&#8221;<\/span><\/p>\n<p><span style=\"font-weight: 400;\">&#8220;Avrupa&#8217;n\u0131n tek Yat\u0131r\u0131m Yoluyla Vatanda\u015fl\u0131k, Malta \u0130stisnai Yat\u0131r\u0131mc\u0131 Vatanda\u015fl\u0131\u011f\u0131&#8217;n\u0131n yeni ekstra avantajlar\u0131 var. Malta&#8217;n\u0131n yat\u0131r\u0131m yoluyla vatanda\u015f\u0131 olarak, siz ve uygun aile \u00fcyeleriniz Schengen Vizesine ba\u015fvurmak zorunda kalmadan Bulgaristan ve Romanya&#8217;ya seyahat edebileceksiniz.&#8221;<\/span><\/p>\n<h3><b>Schengen B\u00f6lgesi SSS<\/b><\/h3>\n<h4><b>1.) Schengen B\u00f6lgesi nedir?<\/b><\/h4>\n<p><span style=\"font-weight: 400;\">Avrupa Komisyonu&#8217;na g\u00f6re &#8220;s\u0131n\u0131rlardan ar\u0131nd\u0131r\u0131lm\u0131\u015f Schengen B\u00f6lgesi 425 milyondan fazla AB vatanda\u015f\u0131na ve Avrupa Birli\u011fi&#8217;nde ikamet edenlere serbest dola\u015f\u0131m imk\u00e2n\u0131 sa\u011flamaktad\u0131r&#8221;. Schengen Vizesi sahibiyseniz ya da Schengen Vizeniz varsa, Schengen \u00fclkelerinin i\u00e7 s\u0131n\u0131rlar\u0131n\u0131 ge\u00e7erken s\u0131n\u0131r kontrollerine tabi tutulmayacaks\u0131n\u0131z.<\/span><\/p>\n<h4><b>2.) \u0130svi\u00e7re Schengen B\u00f6lgesinde mi?<\/b><\/h4>\n<p><span style=\"font-weight: 400;\">Evet, \u0130svi\u00e7re Schengen \u00fclkelerinden biridir. B\u00f6lgede AB \u00fcyesi olmayan d\u00f6rt \u00fclkeden biridir.<\/span><\/p>\n<h4><b>3.) Hangi \u00fclkeler Schengen B\u00f6lgesi&#8217;nde yer almaktad\u0131r?<\/b><\/h4>\n<p><span style=\"font-weight: 400;\">\u0130\u015fte 31 Mart 2024 tarihinden itibaren Schengen B\u00f6lgesi&#8217;nde yer alacak \u00fclkelerin listesi:<\/span><\/p>\n<ul>\n<li style=\"font-weight: 400;\" aria-level=\"1\"><span style=\"font-weight: 400;\">Avusturya<\/span><\/li>\n<li style=\"font-weight: 400;\" aria-level=\"1\"><span style=\"font-weight: 400;\">Bel\u00e7ika<\/span><\/li>\n<li style=\"font-weight: 400;\" aria-level=\"1\"><span style=\"font-weight: 400;\">Bulgaristan<\/span><\/li>\n<li style=\"font-weight: 400;\" aria-level=\"1\"><span style=\"font-weight: 400;\">H\u0131rvatistan<\/span><\/li>\n<li style=\"font-weight: 400;\" aria-level=\"1\"><span style=\"font-weight: 400;\">\u00c7ek Cumhuriyeti<\/span><\/li>\n<li style=\"font-weight: 400;\" aria-level=\"1\"><span style=\"font-weight: 400;\">Danimarka<\/span><\/li>\n<li style=\"font-weight: 400;\" aria-level=\"1\"><span style=\"font-weight: 400;\">Estonya<\/span><\/li>\n<li style=\"font-weight: 400;\" aria-level=\"1\"><span style=\"font-weight: 400;\">Finlandiya<\/span><\/li>\n<li style=\"font-weight: 400;\" aria-level=\"1\"><span style=\"font-weight: 400;\">Fransa<\/span><\/li>\n<li style=\"font-weight: 400;\" aria-level=\"1\"><span style=\"font-weight: 400;\">Almanya<\/span><\/li>\n<li style=\"font-weight: 400;\" aria-level=\"1\"><span style=\"font-weight: 400;\">Yunanistan<\/span><\/li>\n<li style=\"font-weight: 400;\" aria-level=\"1\"><span style=\"font-weight: 400;\">Macaristan<\/span><\/li>\n<li style=\"font-weight: 400;\" aria-level=\"1\"><span style=\"font-weight: 400;\">\u0130zlanda<\/span><\/li>\n<li style=\"font-weight: 400;\" aria-level=\"1\"><span style=\"font-weight: 400;\">\u0130talya<\/span><\/li>\n<li style=\"font-weight: 400;\" aria-level=\"1\"><span style=\"font-weight: 400;\">Letonya<\/span><\/li>\n<li style=\"font-weight: 400;\" aria-level=\"1\"><span style=\"font-weight: 400;\">Lihten\u015ftayn<\/span><\/li>\n<li style=\"font-weight: 400;\" aria-level=\"1\"><span style=\"font-weight: 400;\">Litvanya<\/span><\/li>\n<li style=\"font-weight: 400;\" aria-level=\"1\"><span style=\"font-weight: 400;\">L\u00fcksemburg<\/span><\/li>\n<li style=\"font-weight: 400;\" aria-level=\"1\"><span style=\"font-weight: 400;\">Malta<\/span><\/li>\n<li style=\"font-weight: 400;\" aria-level=\"1\"><span style=\"font-weight: 400;\">Hollanda<\/span><\/li>\n<li style=\"font-weight: 400;\" aria-level=\"1\"><span style=\"font-weight: 400;\">Norve\u00e7<\/span><\/li>\n<li style=\"font-weight: 400;\" aria-level=\"1\"><span style=\"font-weight: 400;\">Polonya<\/span><\/li>\n<li style=\"font-weight: 400;\" aria-level=\"1\"><span style=\"font-weight: 400;\">Portekiz<\/span><\/li>\n<li style=\"font-weight: 400;\" aria-level=\"1\"><span style=\"font-weight: 400;\">Romanya<\/span><\/li>\n<li style=\"font-weight: 400;\" aria-level=\"1\"><span style=\"font-weight: 400;\">Slovakya<\/span><\/li>\n<li style=\"font-weight: 400;\" aria-level=\"1\"><span style=\"font-weight: 400;\">Slovenya<\/span><\/li>\n<li style=\"font-weight: 400;\" aria-level=\"1\"><span style=\"font-weight: 400;\">\u0130spanya<\/span><\/li>\n<li style=\"font-weight: 400;\" aria-level=\"1\"><span style=\"font-weight: 400;\">\u0130sve\u00e7<\/span><\/li>\n<li style=\"font-weight: 400;\" aria-level=\"1\"><span style=\"font-weight: 400;\">\u0130svi\u00e7re<\/span><\/li>\n<\/ul>\n<h4><b>4.) Romanya Schengen B\u00f6lgesinde mi?<\/b><\/h4>\n<p><span style=\"font-weight: 400;\">Neredeyse. Romanya Mart 2024 sonunda Schengen \u00fclkesi olacakt\u0131r.<\/span><\/p>\n<h4><b>5.) \u0130rlanda Schengen B\u00f6lgesinin bir par\u00e7as\u0131 m\u0131d\u0131r?<\/b><\/h4>\n<p><span style=\"font-weight: 400;\">Hay\u0131r. \u0130rlanda 1985 y\u0131l\u0131nda Schengen B\u00f6lgesine kat\u0131lmay\u0131 reddetmi\u015ftir. Bunu yapmak, Britanya ve \u0130rlanda vatanda\u015flar\u0131n\u0131n her iki \u00fclke aras\u0131nda serbest\u00e7e dola\u015fabilmelerini ve her iki \u00fclkede de ya\u015fayabilmelerini sa\u011flayan Birle\u015fik Krall\u0131k ile Ortak Seyahat Alan\u0131&#8217;n\u0131 yok edecekti.<\/span><\/p>\n<h4><b>6.) Birle\u015fik Krall\u0131k Schengen B\u00f6lgesi&#8217;nin bir par\u00e7as\u0131 m\u0131?<\/b><\/h4>\n<p><span style=\"font-weight: 400;\">Hay\u0131r. San\u0131lan\u0131n aksine, \u00fclke Schengen B\u00f6lgesi&#8217;nden \u015fu nedenlerle ayr\u0131lmad\u0131  <\/span><a href=\"https:\/\/www.bbc.com\/news\/uk-politics-32810887\" target=\"_blank\" rel=\"noopener\"><span style=\"font-weight: 400;\">Brexit<\/span><\/a><span style=\"font-weight: 400;\">. \u0130ngiltere bir AB \u00fclkesiyken Schengen \u00fcyesi de\u011fildi, ancak vatanda\u015flar\u0131 Birlik i\u00e7inde serbest dola\u015f\u0131m hakk\u0131na sahipti.<\/span><\/p>\n<p><img decoding=\"async\" class=\"alignnone size-full wp-image-28450 lazyload\" data-src=\"https:\/\/www.riftrust.com\/wp-content\/uploads\/2024\/03\/Schengen-Area-Expands-to-Include-Bulgaria-and-Romania.jpg\" alt=\"Bulgaristan ve Romanya'n\u0131n Schengen B\u00f6lgesi'ne kat\u0131l\u0131m\u0131 hakk\u0131nda bilgi edinin.\" width=\"2083\" height=\"1250\" data-srcset=\"https:\/\/www.riftrust.com\/wp-content\/uploads\/2024\/03\/Schengen-Area-Expands-to-Include-Bulgaria-and-Romania.jpg 2083w, https:\/\/www.riftrust.com\/wp-content\/uploads\/2024\/03\/Schengen-Area-Expands-to-Include-Bulgaria-and-Romania-300x180.jpg 300w, https:\/\/www.riftrust.com\/wp-content\/uploads\/2024\/03\/Schengen-Area-Expands-to-Include-Bulgaria-and-Romania-1024x614.jpg 1024w, https:\/\/www.riftrust.com\/wp-content\/uploads\/2024\/03\/Schengen-Area-Expands-to-Include-Bulgaria-and-Romania-768x461.jpg 768w, https:\/\/www.riftrust.com\/wp-content\/uploads\/2024\/03\/Schengen-Area-Expands-to-Include-Bulgaria-and-Romania-1536x922.jpg 1536w, https:\/\/www.riftrust.com\/wp-content\/uploads\/2024\/03\/Schengen-Area-Expands-to-Include-Bulgaria-and-Romania-2048x1229.jpg 2048w, https:\/\/www.riftrust.com\/wp-content\/uploads\/2024\/03\/Schengen-Area-Expands-to-Include-Bulgaria-and-Romania-400x240.jpg 400w\" data-sizes=\"(max-width: 2083px) 100vw, 2083px\" src=\"data:image\/gif;base64,R0lGODlhAQABAAAAACH5BAEKAAEALAAAAAABAAEAAAICTAEAOw==\" style=\"--smush-placeholder-width: 2083px; --smush-placeholder-aspect-ratio: 2083\/1250;\" \/><\/p>\n<h3><b>Schengen \u00dclkelerine Nas\u0131l Daha Kolay Eri\u015filir?<\/b><\/h3>\n<p><span style=\"font-weight: 400;\">Vize ba\u015fvurusu yapmadan Schengen B\u00f6lgesi&#8217;nde seyahat etmek istiyorsan\u0131z, size Yat\u0131r\u0131m Yoluyla Oturma \u0130zni konusunda tavsiyelerde bulunabiliriz. Bu arada, Yat\u0131r\u0131m Yoluyla Vatanda\u015fl\u0131k da t\u00fcm AB&#8217;de yerle\u015fmenize, e\u011fitim g\u00f6rmenize ve \u00e7al\u0131\u015fman\u0131za olanak tan\u0131r ve size her ad\u0131mda rehberlik edebiliriz. Bu y\u00fczden, gecikmeyin ve  <\/span><a href=\"https:\/\/www.riftrust.com\/contact\/\"><br \/>\n  <span style=\"font-weight: 400;\">RIF Trust ile ileti\u015fime ge\u00e7in<\/span><br \/>\n<\/a><span style=\"font-weight: 400;\"> Bug\u00fcn.<\/span><\/p>\n","protected":false},"excerpt":{"rendered":"<p>Bulgaristan ve Romanya&#8217;n\u0131n Schengen B\u00f6lgesi&#8217;ne kat\u0131ld\u0131\u011f\u0131n\u0131 duydunuz mu?<\/p>\n","protected":false},"author":11,"featured_media":28481,"comment_status":"open","ping_status":"open","sticky":false,"template":"","format":"standard","meta":{"_acf_changed":false,"footnotes":"","_wp_rev_ctl_limit":""},"categories":[328,327],"tags":[2692,2694,2696],"class_list":["post-28491","post","type-post","status-publish","format-standard","has-post-thumbnail","hentry","category-avrupa","category-haber-akisi","tag-bulgaristan","tag-romanya","tag-schengen-tr"],"acf":[],"yoast_head":"<!-- This site is optimized with the Yoast SEO Premium plugin v23.4 (Yoast SEO v28.4) - https:\/\/yoast.com\/product\/yoast-seo-premium-wordpress\/ -->\n<title>Schengen B\u00f6lgesi Bulgaristan ve Romanya&#039;y\u0131 da Kapsayacak \u015eekilde Geni\u015fliyor<\/title>\n<meta name=\"description\" content=\"Bulgaristan ve Romanya&#039;n\u0131n 31 Mart 2024 Pazar g\u00fcn\u00fcnden itibaren Schengen B\u00f6lgesi \u00fclkesi olmas\u0131yla ilgili bu a\u00e7\u0131klay\u0131c\u0131 haberde bilgi edinin.\" \/>\n<meta name=\"robots\" content=\"index, follow, max-snippet:-1, max-image-preview:large, max-video-preview:-1\" \/>\n<link rel=\"canonical\" href=\"https:\/\/www.riftrust.com\/tr\/schengen-bolgesi-bulgaristan-ve-romanyayi-da-kapsayacak-sekilde-genisliyor\/\" \/>\n<meta property=\"og:locale\" content=\"tr_TR\" \/>\n<meta property=\"og:type\" content=\"article\" \/>\n<meta property=\"og:title\" content=\"Schengen B\u00f6lgesi Bulgaristan ve Romanya&#039;y\u0131 da Kapsayacak \u015eekilde Geni\u015fliyor\" \/>\n<meta property=\"og:description\" content=\"Bulgaristan ve Romanya&#039;n\u0131n 31 Mart 2024 Pazar g\u00fcn\u00fcnden itibaren Schengen B\u00f6lgesi \u00fclkesi olmas\u0131yla ilgili bu a\u00e7\u0131klay\u0131c\u0131 haberde bilgi edinin.\" \/>\n<meta property=\"og:url\" content=\"https:\/\/www.riftrust.com\/tr\/schengen-bolgesi-bulgaristan-ve-romanyayi-da-kapsayacak-sekilde-genisliyor\/\" \/>\n<meta property=\"og:site_name\" content=\"RIF Trust\" \/>\n<meta property=\"article:publisher\" content=\"https:\/\/www.facebook.com\/riftrustllc\/\" \/>\n<meta property=\"article:published_time\" content=\"2024-03-20T12:45:37+00:00\" \/>\n<meta property=\"og:image\" content=\"https:\/\/www.riftrust.com\/wp-content\/uploads\/2024\/03\/Schengen-Area-Expands-to-Include-Bulgaria-and-Romania-Featured-Image.jpg\" \/>\n\t<meta property=\"og:image:width\" content=\"800\" \/>\n\t<meta property=\"og:image:height\" content=\"445\" \/>\n\t<meta property=\"og:image:type\" content=\"image\/jpeg\" \/>\n<meta name=\"author\" content=\"Basem Rahouma\" \/>\n<meta name=\"twitter:card\" content=\"summary_large_image\" \/>\n<meta name=\"twitter:creator\" content=\"@rif_trust\" \/>\n<meta name=\"twitter:site\" content=\"@rif_trust\" \/>\n<meta name=\"twitter:label1\" content=\"Yazan:\" \/>\n\t<meta name=\"twitter:data1\" content=\"Basem Rahouma\" \/>\n\t<meta name=\"twitter:label2\" content=\"Tahmini okuma s\u00fcresi\" \/>\n\t<meta name=\"twitter:data2\" content=\"3 dakika\" \/>\n<script type=\"application\/ld+json\" class=\"yoast-schema-graph\">{\"@context\":\"https:\\\/\\\/schema.org\",\"@graph\":[{\"@type\":\"Article\",\"@id\":\"https:\\\/\\\/www.riftrust.com\\\/tr\\\/schengen-bolgesi-bulgaristan-ve-romanyayi-da-kapsayacak-sekilde-genisliyor\\\/#article\",\"isPartOf\":{\"@id\":\"https:\\\/\\\/www.riftrust.com\\\/tr\\\/schengen-bolgesi-bulgaristan-ve-romanyayi-da-kapsayacak-sekilde-genisliyor\\\/\"},\"author\":{\"name\":\"Basem Rahouma\",\"@id\":\"https:\\\/\\\/www.riftrust.com\\\/tr\\\/#\\\/schema\\\/person\\\/5d8768ac4e00b082212a9f4636c66611\"},\"headline\":\"Schengen B\u00f6lgesi Bulgaristan ve Romanya&#8217;y\u0131 da Kapsayacak \u015eekilde Geni\u015fliyor\",\"datePublished\":\"2024-03-20T12:45:37+00:00\",\"mainEntityOfPage\":{\"@id\":\"https:\\\/\\\/www.riftrust.com\\\/tr\\\/schengen-bolgesi-bulgaristan-ve-romanyayi-da-kapsayacak-sekilde-genisliyor\\\/\"},\"wordCount\":674,\"commentCount\":0,\"publisher\":{\"@id\":\"https:\\\/\\\/www.riftrust.com\\\/tr\\\/#organization\"},\"image\":{\"@id\":\"https:\\\/\\\/www.riftrust.com\\\/tr\\\/schengen-bolgesi-bulgaristan-ve-romanyayi-da-kapsayacak-sekilde-genisliyor\\\/#primaryimage\"},\"thumbnailUrl\":\"https:\\\/\\\/www.riftrust.com\\\/wp-content\\\/uploads\\\/2024\\\/03\\\/Schengen-Area-Expands-to-Include-Bulgaria-and-Romania-Featured-Image.jpg\",\"keywords\":[\"BULGAR\u0130STAN\",\"ROMANYA\",\"schengen\"],\"articleSection\":[\"Avrupa\",\"Haber ak\u0131\u015f\u0131\"],\"inLanguage\":\"tr\",\"potentialAction\":[{\"@type\":\"CommentAction\",\"name\":\"Comment\",\"target\":[\"https:\\\/\\\/www.riftrust.com\\\/tr\\\/schengen-bolgesi-bulgaristan-ve-romanyayi-da-kapsayacak-sekilde-genisliyor\\\/#respond\"]}]},{\"@type\":\"WebPage\",\"@id\":\"https:\\\/\\\/www.riftrust.com\\\/tr\\\/schengen-bolgesi-bulgaristan-ve-romanyayi-da-kapsayacak-sekilde-genisliyor\\\/\",\"url\":\"https:\\\/\\\/www.riftrust.com\\\/tr\\\/schengen-bolgesi-bulgaristan-ve-romanyayi-da-kapsayacak-sekilde-genisliyor\\\/\",\"name\":\"Schengen B\u00f6lgesi Bulgaristan ve Romanya'y\u0131 da Kapsayacak \u015eekilde Geni\u015fliyor\",\"isPartOf\":{\"@id\":\"https:\\\/\\\/www.riftrust.com\\\/tr\\\/#website\"},\"primaryImageOfPage\":{\"@id\":\"https:\\\/\\\/www.riftrust.com\\\/tr\\\/schengen-bolgesi-bulgaristan-ve-romanyayi-da-kapsayacak-sekilde-genisliyor\\\/#primaryimage\"},\"image\":{\"@id\":\"https:\\\/\\\/www.riftrust.com\\\/tr\\\/schengen-bolgesi-bulgaristan-ve-romanyayi-da-kapsayacak-sekilde-genisliyor\\\/#primaryimage\"},\"thumbnailUrl\":\"https:\\\/\\\/www.riftrust.com\\\/wp-content\\\/uploads\\\/2024\\\/03\\\/Schengen-Area-Expands-to-Include-Bulgaria-and-Romania-Featured-Image.jpg\",\"datePublished\":\"2024-03-20T12:45:37+00:00\",\"description\":\"Bulgaristan ve Romanya'n\u0131n 31 Mart 2024 Pazar g\u00fcn\u00fcnden itibaren Schengen B\u00f6lgesi \u00fclkesi olmas\u0131yla ilgili bu a\u00e7\u0131klay\u0131c\u0131 haberde bilgi edinin.\",\"breadcrumb\":{\"@id\":\"https:\\\/\\\/www.riftrust.com\\\/tr\\\/schengen-bolgesi-bulgaristan-ve-romanyayi-da-kapsayacak-sekilde-genisliyor\\\/#breadcrumb\"},\"inLanguage\":\"tr\",\"potentialAction\":[{\"@type\":\"ReadAction\",\"target\":[\"https:\\\/\\\/www.riftrust.com\\\/tr\\\/schengen-bolgesi-bulgaristan-ve-romanyayi-da-kapsayacak-sekilde-genisliyor\\\/\"]}]},{\"@type\":\"ImageObject\",\"inLanguage\":\"tr\",\"@id\":\"https:\\\/\\\/www.riftrust.com\\\/tr\\\/schengen-bolgesi-bulgaristan-ve-romanyayi-da-kapsayacak-sekilde-genisliyor\\\/#primaryimage\",\"url\":\"https:\\\/\\\/www.riftrust.com\\\/wp-content\\\/uploads\\\/2024\\\/03\\\/Schengen-Area-Expands-to-Include-Bulgaria-and-Romania-Featured-Image.jpg\",\"contentUrl\":\"https:\\\/\\\/www.riftrust.com\\\/wp-content\\\/uploads\\\/2024\\\/03\\\/Schengen-Area-Expands-to-Include-Bulgaria-and-Romania-Featured-Image.jpg\",\"width\":800,\"height\":445,\"caption\":\"Bulgaria and Romania will join the Schengen Zone at the end of March 2024.\"},{\"@type\":\"BreadcrumbList\",\"@id\":\"https:\\\/\\\/www.riftrust.com\\\/tr\\\/schengen-bolgesi-bulgaristan-ve-romanyayi-da-kapsayacak-sekilde-genisliyor\\\/#breadcrumb\",\"itemListElement\":[{\"@type\":\"ListItem\",\"position\":1,\"name\":\"Home\",\"item\":\"https:\\\/\\\/www.riftrust.com\\\/tr\\\/ev\\\/\"},{\"@type\":\"ListItem\",\"position\":2,\"name\":\"Schengen B\u00f6lgesi Bulgaristan ve Romanya&#8217;y\u0131 da Kapsayacak \u015eekilde Geni\u015fliyor\"}]},{\"@type\":\"WebSite\",\"@id\":\"https:\\\/\\\/www.riftrust.com\\\/tr\\\/#website\",\"url\":\"https:\\\/\\\/www.riftrust.com\\\/tr\\\/\",\"name\":\"RIF Trust\",\"description\":\"Residency and Citizenship by investment\",\"publisher\":{\"@id\":\"https:\\\/\\\/www.riftrust.com\\\/tr\\\/#organization\"},\"potentialAction\":[{\"@type\":\"SearchAction\",\"target\":{\"@type\":\"EntryPoint\",\"urlTemplate\":\"https:\\\/\\\/www.riftrust.com\\\/tr\\\/?s={search_term_string}\"},\"query-input\":{\"@type\":\"PropertyValueSpecification\",\"valueRequired\":true,\"valueName\":\"search_term_string\"}}],\"inLanguage\":\"tr\"},{\"@type\":\"Organization\",\"@id\":\"https:\\\/\\\/www.riftrust.com\\\/tr\\\/#organization\",\"name\":\"RIF Trust\",\"url\":\"https:\\\/\\\/www.riftrust.com\\\/tr\\\/\",\"logo\":{\"@type\":\"ImageObject\",\"inLanguage\":\"tr\",\"@id\":\"https:\\\/\\\/www.riftrust.com\\\/tr\\\/#\\\/schema\\\/logo\\\/image\\\/\",\"url\":\"https:\\\/\\\/www.riftrust.com\\\/wp-content\\\/uploads\\\/2023\\\/05\\\/riftrust-logo.png\",\"contentUrl\":\"https:\\\/\\\/www.riftrust.com\\\/wp-content\\\/uploads\\\/2023\\\/05\\\/riftrust-logo.png\",\"width\":500,\"height\":294,\"caption\":\"RIF Trust\"},\"image\":{\"@id\":\"https:\\\/\\\/www.riftrust.com\\\/tr\\\/#\\\/schema\\\/logo\\\/image\\\/\"},\"sameAs\":[\"https:\\\/\\\/www.facebook.com\\\/riftrustllc\\\/\",\"https:\\\/\\\/x.com\\\/rif_trust\",\"https:\\\/\\\/www.instagram.com\\\/riftrust_citizenship\\\/\"]},{\"@type\":\"Person\",\"@id\":\"https:\\\/\\\/www.riftrust.com\\\/tr\\\/#\\\/schema\\\/person\\\/5d8768ac4e00b082212a9f4636c66611\",\"name\":\"Basem Rahouma\",\"url\":\"https:\\\/\\\/www.riftrust.com\\\/tr\\\/author\\\/basem\\\/\"}]}<\/script>\n<!-- \/ Yoast SEO Premium plugin. -->","yoast_head_json":{"title":"Schengen B\u00f6lgesi Bulgaristan ve Romanya'y\u0131 da Kapsayacak \u015eekilde Geni\u015fliyor","description":"Bulgaristan ve Romanya'n\u0131n 31 Mart 2024 Pazar g\u00fcn\u00fcnden itibaren Schengen B\u00f6lgesi \u00fclkesi olmas\u0131yla ilgili bu a\u00e7\u0131klay\u0131c\u0131 haberde bilgi edinin.","robots":{"index":"index","follow":"follow","max-snippet":"max-snippet:-1","max-image-preview":"max-image-preview:large","max-video-preview":"max-video-preview:-1"},"canonical":"https:\/\/www.riftrust.com\/tr\/schengen-bolgesi-bulgaristan-ve-romanyayi-da-kapsayacak-sekilde-genisliyor\/","og_locale":"tr_TR","og_type":"article","og_title":"Schengen B\u00f6lgesi Bulgaristan ve Romanya'y\u0131 da Kapsayacak \u015eekilde Geni\u015fliyor","og_description":"Bulgaristan ve Romanya'n\u0131n 31 Mart 2024 Pazar g\u00fcn\u00fcnden itibaren Schengen B\u00f6lgesi \u00fclkesi olmas\u0131yla ilgili bu a\u00e7\u0131klay\u0131c\u0131 haberde bilgi edinin.","og_url":"https:\/\/www.riftrust.com\/tr\/schengen-bolgesi-bulgaristan-ve-romanyayi-da-kapsayacak-sekilde-genisliyor\/","og_site_name":"RIF Trust","article_publisher":"https:\/\/www.facebook.com\/riftrustllc\/","article_published_time":"2024-03-20T12:45:37+00:00","og_image":[{"width":800,"height":445,"url":"https:\/\/www.riftrust.com\/wp-content\/uploads\/2024\/03\/Schengen-Area-Expands-to-Include-Bulgaria-and-Romania-Featured-Image.jpg","type":"image\/jpeg"}],"author":"Basem Rahouma","twitter_card":"summary_large_image","twitter_creator":"@rif_trust","twitter_site":"@rif_trust","twitter_misc":{"Yazan:":"Basem Rahouma","Tahmini okuma s\u00fcresi":"3 dakika"},"schema":{"@context":"https:\/\/schema.org","@graph":[{"@type":"Article","@id":"https:\/\/www.riftrust.com\/tr\/schengen-bolgesi-bulgaristan-ve-romanyayi-da-kapsayacak-sekilde-genisliyor\/#article","isPartOf":{"@id":"https:\/\/www.riftrust.com\/tr\/schengen-bolgesi-bulgaristan-ve-romanyayi-da-kapsayacak-sekilde-genisliyor\/"},"author":{"name":"Basem Rahouma","@id":"https:\/\/www.riftrust.com\/tr\/#\/schema\/person\/5d8768ac4e00b082212a9f4636c66611"},"headline":"Schengen B\u00f6lgesi Bulgaristan ve Romanya&#8217;y\u0131 da Kapsayacak \u015eekilde Geni\u015fliyor","datePublished":"2024-03-20T12:45:37+00:00","mainEntityOfPage":{"@id":"https:\/\/www.riftrust.com\/tr\/schengen-bolgesi-bulgaristan-ve-romanyayi-da-kapsayacak-sekilde-genisliyor\/"},"wordCount":674,"commentCount":0,"publisher":{"@id":"https:\/\/www.riftrust.com\/tr\/#organization"},"image":{"@id":"https:\/\/www.riftrust.com\/tr\/schengen-bolgesi-bulgaristan-ve-romanyayi-da-kapsayacak-sekilde-genisliyor\/#primaryimage"},"thumbnailUrl":"https:\/\/www.riftrust.com\/wp-content\/uploads\/2024\/03\/Schengen-Area-Expands-to-Include-Bulgaria-and-Romania-Featured-Image.jpg","keywords":["BULGAR\u0130STAN","ROMANYA","schengen"],"articleSection":["Avrupa","Haber ak\u0131\u015f\u0131"],"inLanguage":"tr","potentialAction":[{"@type":"CommentAction","name":"Comment","target":["https:\/\/www.riftrust.com\/tr\/schengen-bolgesi-bulgaristan-ve-romanyayi-da-kapsayacak-sekilde-genisliyor\/#respond"]}]},{"@type":"WebPage","@id":"https:\/\/www.riftrust.com\/tr\/schengen-bolgesi-bulgaristan-ve-romanyayi-da-kapsayacak-sekilde-genisliyor\/","url":"https:\/\/www.riftrust.com\/tr\/schengen-bolgesi-bulgaristan-ve-romanyayi-da-kapsayacak-sekilde-genisliyor\/","name":"Schengen B\u00f6lgesi Bulgaristan ve Romanya'y\u0131 da Kapsayacak \u015eekilde Geni\u015fliyor","isPartOf":{"@id":"https:\/\/www.riftrust.com\/tr\/#website"},"primaryImageOfPage":{"@id":"https:\/\/www.riftrust.com\/tr\/schengen-bolgesi-bulgaristan-ve-romanyayi-da-kapsayacak-sekilde-genisliyor\/#primaryimage"},"image":{"@id":"https:\/\/www.riftrust.com\/tr\/schengen-bolgesi-bulgaristan-ve-romanyayi-da-kapsayacak-sekilde-genisliyor\/#primaryimage"},"thumbnailUrl":"https:\/\/www.riftrust.com\/wp-content\/uploads\/2024\/03\/Schengen-Area-Expands-to-Include-Bulgaria-and-Romania-Featured-Image.jpg","datePublished":"2024-03-20T12:45:37+00:00","description":"Bulgaristan ve Romanya'n\u0131n 31 Mart 2024 Pazar g\u00fcn\u00fcnden itibaren Schengen B\u00f6lgesi \u00fclkesi olmas\u0131yla ilgili bu a\u00e7\u0131klay\u0131c\u0131 haberde bilgi edinin.","breadcrumb":{"@id":"https:\/\/www.riftrust.com\/tr\/schengen-bolgesi-bulgaristan-ve-romanyayi-da-kapsayacak-sekilde-genisliyor\/#breadcrumb"},"inLanguage":"tr","potentialAction":[{"@type":"ReadAction","target":["https:\/\/www.riftrust.com\/tr\/schengen-bolgesi-bulgaristan-ve-romanyayi-da-kapsayacak-sekilde-genisliyor\/"]}]},{"@type":"ImageObject","inLanguage":"tr","@id":"https:\/\/www.riftrust.com\/tr\/schengen-bolgesi-bulgaristan-ve-romanyayi-da-kapsayacak-sekilde-genisliyor\/#primaryimage","url":"https:\/\/www.riftrust.com\/wp-content\/uploads\/2024\/03\/Schengen-Area-Expands-to-Include-Bulgaria-and-Romania-Featured-Image.jpg","contentUrl":"https:\/\/www.riftrust.com\/wp-content\/uploads\/2024\/03\/Schengen-Area-Expands-to-Include-Bulgaria-and-Romania-Featured-Image.jpg","width":800,"height":445,"caption":"Bulgaria and Romania will join the Schengen Zone at the end of March 2024."},{"@type":"BreadcrumbList","@id":"https:\/\/www.riftrust.com\/tr\/schengen-bolgesi-bulgaristan-ve-romanyayi-da-kapsayacak-sekilde-genisliyor\/#breadcrumb","itemListElement":[{"@type":"ListItem","position":1,"name":"Home","item":"https:\/\/www.riftrust.com\/tr\/ev\/"},{"@type":"ListItem","position":2,"name":"Schengen B\u00f6lgesi Bulgaristan ve Romanya&#8217;y\u0131 da Kapsayacak \u015eekilde Geni\u015fliyor"}]},{"@type":"WebSite","@id":"https:\/\/www.riftrust.com\/tr\/#website","url":"https:\/\/www.riftrust.com\/tr\/","name":"RIF Trust","description":"Residency and Citizenship by investment","publisher":{"@id":"https:\/\/www.riftrust.com\/tr\/#organization"},"potentialAction":[{"@type":"SearchAction","target":{"@type":"EntryPoint","urlTemplate":"https:\/\/www.riftrust.com\/tr\/?s={search_term_string}"},"query-input":{"@type":"PropertyValueSpecification","valueRequired":true,"valueName":"search_term_string"}}],"inLanguage":"tr"},{"@type":"Organization","@id":"https:\/\/www.riftrust.com\/tr\/#organization","name":"RIF Trust","url":"https:\/\/www.riftrust.com\/tr\/","logo":{"@type":"ImageObject","inLanguage":"tr","@id":"https:\/\/www.riftrust.com\/tr\/#\/schema\/logo\/image\/","url":"https:\/\/www.riftrust.com\/wp-content\/uploads\/2023\/05\/riftrust-logo.png","contentUrl":"https:\/\/www.riftrust.com\/wp-content\/uploads\/2023\/05\/riftrust-logo.png","width":500,"height":294,"caption":"RIF Trust"},"image":{"@id":"https:\/\/www.riftrust.com\/tr\/#\/schema\/logo\/image\/"},"sameAs":["https:\/\/www.facebook.com\/riftrustllc\/","https:\/\/x.com\/rif_trust","https:\/\/www.instagram.com\/riftrust_citizenship\/"]},{"@type":"Person","@id":"https:\/\/www.riftrust.com\/tr\/#\/schema\/person\/5d8768ac4e00b082212a9f4636c66611","name":"Basem Rahouma","url":"https:\/\/www.riftrust.com\/tr\/author\/basem\/"}]}},"_links":{"self":[{"href":"https:\/\/www.riftrust.com\/tr\/wp-json\/wp\/v2\/posts\/28491","targetHints":{"allow":["GET"]}}],"collection":[{"href":"https:\/\/www.riftrust.com\/tr\/wp-json\/wp\/v2\/posts"}],"about":[{"href":"https:\/\/www.riftrust.com\/tr\/wp-json\/wp\/v2\/types\/post"}],"author":[{"embeddable":true,"href":"https:\/\/www.riftrust.com\/tr\/wp-json\/wp\/v2\/users\/11"}],"replies":[{"embeddable":true,"href":"https:\/\/www.riftrust.com\/tr\/wp-json\/wp\/v2\/comments?post=28491"}],"version-history":[{"count":0,"href":"https:\/\/www.riftrust.com\/tr\/wp-json\/wp\/v2\/posts\/28491\/revisions"}],"wp:featuredmedia":[{"embeddable":true,"href":"https:\/\/www.riftrust.com\/tr\/wp-json\/wp\/v2\/media\/28481"}],"wp:attachment":[{"href":"https:\/\/www.riftrust.com\/tr\/wp-json\/wp\/v2\/media?parent=28491"}],"wp:term":[{"taxonomy":"category","embeddable":true,"href":"https:\/\/www.riftrust.com\/tr\/wp-json\/wp\/v2\/categories?post=28491"},{"taxonomy":"post_tag","embeddable":true,"href":"https:\/\/www.riftrust.com\/tr\/wp-json\/wp\/v2\/tags?post=28491"}],"curies":[{"name":"wp","href":"https:\/\/api.w.org\/{rel}","templated":true}]}}