{"id":29007,"date":"2024-04-02T08:27:27","date_gmt":"2024-04-02T08:27:27","guid":{"rendered":"https:\/\/www.riftrust.com\/grenada-vatandasligi-2024te-daha-ayricalikli-hale-geliyor\/"},"modified":"2025-03-18T02:06:45","modified_gmt":"2025-03-18T02:06:45","slug":"grenada-vatandasligi-2024te-daha-ayricalikli-hale-geliyor","status":"publish","type":"post","link":"https:\/\/www.riftrust.com\/tr\/grenada-vatandasligi-2024te-daha-ayricalikli-hale-geliyor\/","title":{"rendered":"Grenada Vatanda\u015fl\u0131\u011f\u0131 2024&#8217;te Daha Ayr\u0131cal\u0131kl\u0131 Hale Geliyor"},"content":{"rendered":"<p><a href=\"https:\/\/www.riftrust.com\/tr\/yatirim-yoluyla-vatandaslik\/grenada\/\"><span style=\"font-weight: 400;\">Grenada Yat\u0131r\u0131m Yoluyla Vatanda\u015fl\u0131k<\/span><\/a><span style=\"font-weight: 400;\">  2024&#8217;te de\u011fi\u015fiyor. \u0130lk gelen   <\/span><a href=\"https:\/\/www.riftrust.com\/tr\/grenada-yatirim-yoluyla-vatandaslik-birimi-2024te-yeniden-markalasiyor\/\"><span style=\"font-weight: 400;\">IMA Grenada&#8217;n\u0131n lansman\u0131<\/span><\/a><span style=\"font-weight: 400;\">  ve bu Yat\u0131r\u0131m G\u00f6\u00e7menlik Ajans\u0131, Grenada vatanda\u015fl\u0131\u011f\u0131 i\u00e7in ba\u015fvuruda bulunmaya uygun olmayan \u00fclkelerin \/ uyruklar\u0131n yeni bir listesini i\u00e7eren bir genelge yay\u0131nlad\u0131. Grenada vatanda\u015fl\u0131\u011f\u0131n\u0131n nas\u0131l daha ayr\u0131cal\u0131kl\u0131 hale geldi\u011fiyle ilgili t\u00fcm ayr\u0131nt\u0131lar\u0131 son haberimizde bulabilirsiniz.<\/span><\/p>\n<h3><b>IMA Grenada Genelgesi No. 1, 2024<\/b><\/h3>\n<p><span style=\"font-weight: 400;\">CEO&#8217;su Thomas Anthony taraf\u0131ndan imzalanan bu genelge <\/span><a href=\"https:\/\/imagrenada.gd\/\" target=\"_blank\" rel=\"noopener\"><br \/>\n  <span style=\"font-weight: 400;\">Ajans<\/span><br \/>\n<\/a><span style=\"font-weight: 400;\">25 Mart 2024 Pazartesi g\u00fcn\u00fc sona erdi. &#8220;A\u015fa\u011f\u0131daki \u00fclkelerde ikamet eden vatanda\u015flar\u0131n, istisnas\u0131z olarak, 1 Nisan 2024 tarihinden itibaren ge\u00e7erli olmak \u00fczere ba\u015fvuruda bulunmaya uygun olmad\u0131klar\u0131 bildirilmektedir: <\/span><\/p>\n<ol>\n<li style=\"font-weight: 400;\" aria-level=\"1\"><span style=\"font-weight: 400;\">\u0130ran<\/span><\/li>\n<li style=\"font-weight: 400;\" aria-level=\"1\"><span style=\"font-weight: 400;\">Kuzey Kore<\/span><\/li>\n<li style=\"font-weight: 400;\" aria-level=\"1\"><span style=\"font-weight: 400;\">Rusya<\/span><\/li>\n<li style=\"font-weight: 400;\" aria-level=\"1\"><span style=\"font-weight: 400;\">Belarus<\/span><\/li>\n<li style=\"font-weight: 400;\" aria-level=\"1\"><span style=\"font-weight: 400;\">Sudan<\/span><\/li>\n<li style=\"font-weight: 400;\" aria-level=\"1\"><span style=\"font-weight: 400;\">Yemen<\/span><\/li>\n<li style=\"font-weight: 400;\" aria-level=\"1\"><span style=\"font-weight: 400;\">Afganistan&#8221;<\/span><\/li>\n<\/ol>\n<h3><b>Grenada Vatanda\u015fl\u0131\u011f\u0131 ile Uygunsuzluktan Uygunlu\u011fa Ge\u00e7ebilirsiniz<\/b><\/h3>\n<p><span style=\"font-weight: 400;\">Ancak bu, t\u00fcm Afganistanl\u0131, \u0130ranl\u0131, Sudanl\u0131 ve Yemenli ba\u015fvuru sahipleri i\u00e7in genel bir yasak de\u011fildir. Bu 4 \u00fclkeden birinde do\u011fduysan\u0131z ancak 18 ya\u015f\u0131ndan \u00f6nce ayr\u0131ld\u0131ysan\u0131z, hak sahibi olabilirsiniz. Ayr\u0131ca Kanada, Birle\u015fik Krall\u0131k, Schengen b\u00f6lgesi, ABD, Avustralya, Yeni Zelanda, Suudi Arabistan veya BAE&#8217;de en az 10 y\u0131ld\u0131r daimi ikamet ediyor olman\u0131z gerekir. Ya da orada bir vize i\u00e7in onaylanm\u0131\u015f.   <\/span><\/p>\n<p><span style=\"font-weight: 400;\">Ayr\u0131ca daimi ikamet ile veya sadece yukar\u0131da belirtilen b\u00f6lgelerin vize sahibi olarak da hak kazanabilirsiniz. Ancak ister olgunluk ya\u015f\u0131ndan \u00f6nce ister sonra ayr\u0131lm\u0131\u015f olun, k\u0131s\u0131tlanan 7 \u00fclkeden herhangi biriyle ekonomik ba\u011f kurman\u0131za izin verilmiyor. <\/span><\/p>\n<p><span style=\"font-weight: 400;\">Son bir \u015fart ise daha fazla durum tespiti yap\u0131lmas\u0131d\u0131r. Bu &#8220;yerinde inceleme&#8230; ba\u015fvuru sahibine \u00f6nemli \u00f6l\u00e7\u00fcde daha y\u00fcksek bir maliyet getirebilir&#8221;. <\/span><\/p>\n<h3><b>RIF Trust Perspektifi<\/b><\/h3>\n<p><a href=\"https:\/\/www.riftrust.com\/vi\/teams\/chris-willis\/\"><span style=\"font-weight: 400;\">Chris Willis<\/span><\/a><span style=\"font-weight: 400;\">Karayipler&#8217;deki Adam\u0131m\u0131z, genelgenin daha geni\u015f bir politika de\u011fi\u015fikli\u011fiyle uyumlu oldu\u011funu kabul etmektedir. &#8220;Grenada Yat\u0131r\u0131m Yoluyla Vatanda\u015fl\u0131k Program\u0131 2023 y\u0131l\u0131nda yakla\u015f\u0131k 90 milyon dolar kazand\u0131rd\u0131. Grenada bu miktar\u0131 altyap\u0131s\u0131n\u0131 iyile\u015ftirmek ve kamu projelerini finanse etmek i\u00e7in kulland\u0131.&#8221; <\/span><\/p>\n<p><span style=\"font-weight: 400;\">&#8220;ABD ve AB&#8217;nin endi\u015felerini gidermek amac\u0131yla Grenada, k\u0131s\u0131tl\u0131 \u00fclke say\u0131s\u0131n\u0131 artt\u0131rarak ba\u015fvurular\u0131 s\u0131n\u0131rland\u0131rmaya karar verdi. Bununla birlikte, b\u00f6ylesine g\u00fczel bir \u00fclkede vatanda\u015fl\u0131\u011f\u0131n faydalar\u0131n\u0131 ger\u00e7ekten ke\u015ffetmek istiyorsan\u0131z, Kanada, Almanya ve Birle\u015fik Krall\u0131k&#8217;tan direkt u\u00e7u\u015flar\u0131n da mevcut oldu\u011fu ada, ABD&#8217;den cazip bir orta mesafe ka\u00e7\u0131\u015f\u0131 olmaya devam ediyor.&#8221;  <\/span><\/p>\n<p><img decoding=\"async\" class=\"alignnone size-full wp-image-28966 lazyload\" data-src=\"https:\/\/www.riftrust.com\/wp-content\/uploads\/2024\/03\/Grenada-Citizenship-Becomes-More-Exclusive-in-2024.jpg\" alt=\"Kar\u015f\u0131n\u0131zda Baharat Adas\u0131 Grenada ve onun kumlu k\u0131y\u0131 \u015feridi.\" width=\"2083\" height=\"1250\" data-srcset=\"https:\/\/www.riftrust.com\/wp-content\/uploads\/2024\/03\/Grenada-Citizenship-Becomes-More-Exclusive-in-2024.jpg 2083w, https:\/\/www.riftrust.com\/wp-content\/uploads\/2024\/03\/Grenada-Citizenship-Becomes-More-Exclusive-in-2024-300x180.jpg 300w, https:\/\/www.riftrust.com\/wp-content\/uploads\/2024\/03\/Grenada-Citizenship-Becomes-More-Exclusive-in-2024-1024x614.jpg 1024w, https:\/\/www.riftrust.com\/wp-content\/uploads\/2024\/03\/Grenada-Citizenship-Becomes-More-Exclusive-in-2024-768x461.jpg 768w, https:\/\/www.riftrust.com\/wp-content\/uploads\/2024\/03\/Grenada-Citizenship-Becomes-More-Exclusive-in-2024-1536x922.jpg 1536w, https:\/\/www.riftrust.com\/wp-content\/uploads\/2024\/03\/Grenada-Citizenship-Becomes-More-Exclusive-in-2024-2048x1229.jpg 2048w, https:\/\/www.riftrust.com\/wp-content\/uploads\/2024\/03\/Grenada-Citizenship-Becomes-More-Exclusive-in-2024-400x240.jpg 400w\" data-sizes=\"(max-width: 2083px) 100vw, 2083px\" src=\"data:image\/gif;base64,R0lGODlhAQABAAAAACH5BAEKAAEALAAAAAABAAEAAAICTAEAOw==\" style=\"--smush-placeholder-width: 2083px; --smush-placeholder-aspect-ratio: 2083\/1250;\" \/><\/p>\n<h3><b>Grenada Vatanda\u015fl\u0131\u011f\u0131 Nas\u0131l Al\u0131n\u0131r?<\/b><\/h3>\n<p><span style=\"font-weight: 400;\">Bu yaz\u0131y\u0131 okuyunca Grenada Yat\u0131r\u0131m Yoluyla Vatanda\u015fl\u0131k konusuna ilgi duymaya ba\u015flad\u0131ysan\u0131z bize ula\u015f\u0131n. Karayipler&#8217;in \u00f6nde gelen yat\u0131r\u0131m g\u00f6\u00e7\u00fc uzmanlar\u0131y\u0131z.  Bu y\u00fczden, gecikmeyin ve  <\/span><a href=\"https:\/\/www.riftrust.com\/tr\/iletisim\/\"><span style=\"font-weight: 400;\">RIF Trust ile ileti\u015fime ge\u00e7in<\/span><\/a><span style=\"font-weight: 400;\"> Bug\u00fcn.<\/span><\/p>\n","protected":false},"excerpt":{"rendered":"<p>Grenada vatanda\u015fl\u0131\u011f\u0131n\u0131n ekstra ayr\u0131cal\u0131klar\u0131 hakk\u0131nda bilgi edinin<\/p>\n","protected":false},"author":11,"featured_media":28997,"comment_status":"open","ping_status":"open","sticky":false,"template":"","format":"standard","meta":{"_acf_changed":false,"footnotes":"","_wp_rev_ctl_limit":""},"categories":[327,333],"tags":[755,623,876],"class_list":["post-29007","post","type-post","status-publish","format-standard","has-post-thumbnail","hentry","category-haber-akisi","category-karayipler","tag-grenada-yatirim-yoluyla-vatandaslik","tag-karayip-vatandasligi","tag-yatirim-yoluyla-vatandaslik"],"acf":[],"yoast_head":"<!-- This site is optimized with the Yoast SEO Premium plugin v23.4 (Yoast SEO v27.5) - https:\/\/yoast.com\/product\/yoast-seo-premium-wordpress\/ -->\n<title>Grenada Vatanda\u015fl\u0131\u011f\u0131 2024&#039;te Daha Ayr\u0131cal\u0131kl\u0131 Hale Geliyor<\/title>\n<meta name=\"description\" content=\"1 Nisan 2024 Pazartesi, Grenada vatanda\u015fl\u0131\u011f\u0131n\u0131n yeni vatanda\u015fl\u0131k k\u0131s\u0131tlamalar\u0131yla daha ayr\u0131cal\u0131kl\u0131 hale geldi\u011fi tarihtir.\" \/>\n<meta name=\"robots\" content=\"index, follow, max-snippet:-1, max-image-preview:large, max-video-preview:-1\" \/>\n<link rel=\"canonical\" href=\"https:\/\/www.riftrust.com\/tr\/grenada-vatandasligi-2024te-daha-ayricalikli-hale-geliyor\/\" \/>\n<meta property=\"og:locale\" content=\"tr_TR\" \/>\n<meta property=\"og:type\" content=\"article\" \/>\n<meta property=\"og:title\" content=\"Grenada Vatanda\u015fl\u0131\u011f\u0131 2024&#039;te Daha Ayr\u0131cal\u0131kl\u0131 Hale Geliyor\" \/>\n<meta property=\"og:description\" content=\"1 Nisan 2024 Pazartesi, Grenada vatanda\u015fl\u0131\u011f\u0131n\u0131n yeni vatanda\u015fl\u0131k k\u0131s\u0131tlamalar\u0131yla daha ayr\u0131cal\u0131kl\u0131 hale geldi\u011fi tarihtir.\" \/>\n<meta property=\"og:url\" content=\"https:\/\/www.riftrust.com\/tr\/grenada-vatandasligi-2024te-daha-ayricalikli-hale-geliyor\/\" \/>\n<meta property=\"og:site_name\" content=\"RIF Trust\" \/>\n<meta property=\"article:publisher\" content=\"https:\/\/www.facebook.com\/riftrustllc\/\" \/>\n<meta property=\"article:published_time\" content=\"2024-04-02T08:27:27+00:00\" \/>\n<meta property=\"article:modified_time\" content=\"2025-03-18T02:06:45+00:00\" \/>\n<meta property=\"og:image\" content=\"https:\/\/www.riftrust.com\/wp-content\/uploads\/2024\/04\/Grenada-Citizenship-Becomes-More-Exclusive-in-2024-Featured-Image.jpg\" \/>\n\t<meta property=\"og:image:width\" content=\"800\" \/>\n\t<meta property=\"og:image:height\" content=\"445\" \/>\n\t<meta property=\"og:image:type\" content=\"image\/jpeg\" \/>\n<meta name=\"author\" content=\"Basem Rahouma\" \/>\n<meta name=\"twitter:card\" content=\"summary_large_image\" \/>\n<meta name=\"twitter:creator\" content=\"@rif_trust\" \/>\n<meta name=\"twitter:site\" content=\"@rif_trust\" \/>\n<meta name=\"twitter:label1\" content=\"Yazan:\" \/>\n\t<meta name=\"twitter:data1\" content=\"Basem Rahouma\" \/>\n\t<meta name=\"twitter:label2\" content=\"Tahmini okuma s\u00fcresi\" \/>\n\t<meta name=\"twitter:data2\" content=\"2 dakika\" \/>\n<script type=\"application\/ld+json\" class=\"yoast-schema-graph\">{\"@context\":\"https:\\\/\\\/schema.org\",\"@graph\":[{\"@type\":\"Article\",\"@id\":\"https:\\\/\\\/www.riftrust.com\\\/tr\\\/grenada-vatandasligi-2024te-daha-ayricalikli-hale-geliyor\\\/#article\",\"isPartOf\":{\"@id\":\"https:\\\/\\\/www.riftrust.com\\\/tr\\\/grenada-vatandasligi-2024te-daha-ayricalikli-hale-geliyor\\\/\"},\"author\":{\"name\":\"Basem Rahouma\",\"@id\":\"https:\\\/\\\/www.riftrust.com\\\/tr\\\/#\\\/schema\\\/person\\\/5d8768ac4e00b082212a9f4636c66611\"},\"headline\":\"Grenada Vatanda\u015fl\u0131\u011f\u0131 2024&#8217;te Daha Ayr\u0131cal\u0131kl\u0131 Hale Geliyor\",\"datePublished\":\"2024-04-02T08:27:27+00:00\",\"dateModified\":\"2025-03-18T02:06:45+00:00\",\"mainEntityOfPage\":{\"@id\":\"https:\\\/\\\/www.riftrust.com\\\/tr\\\/grenada-vatandasligi-2024te-daha-ayricalikli-hale-geliyor\\\/\"},\"wordCount\":474,\"commentCount\":0,\"publisher\":{\"@id\":\"https:\\\/\\\/www.riftrust.com\\\/tr\\\/#organization\"},\"image\":{\"@id\":\"https:\\\/\\\/www.riftrust.com\\\/tr\\\/grenada-vatandasligi-2024te-daha-ayricalikli-hale-geliyor\\\/#primaryimage\"},\"thumbnailUrl\":\"https:\\\/\\\/www.riftrust.com\\\/wp-content\\\/uploads\\\/2024\\\/04\\\/Grenada-Citizenship-Becomes-More-Exclusive-in-2024-Featured-Image.jpg\",\"keywords\":[\"grenada yatirim yoluyla vatanda\u015flik\",\"karayi\u0307p vatanda\u015fli\u011fi\",\"yat\u0131r\u0131m yoluyla vatanda\u015fl\u0131k\"],\"articleSection\":[\"Haber ak\u0131\u015f\u0131\",\"Karayipler\"],\"inLanguage\":\"tr\",\"potentialAction\":[{\"@type\":\"CommentAction\",\"name\":\"Comment\",\"target\":[\"https:\\\/\\\/www.riftrust.com\\\/tr\\\/grenada-vatandasligi-2024te-daha-ayricalikli-hale-geliyor\\\/#respond\"]}]},{\"@type\":\"WebPage\",\"@id\":\"https:\\\/\\\/www.riftrust.com\\\/tr\\\/grenada-vatandasligi-2024te-daha-ayricalikli-hale-geliyor\\\/\",\"url\":\"https:\\\/\\\/www.riftrust.com\\\/tr\\\/grenada-vatandasligi-2024te-daha-ayricalikli-hale-geliyor\\\/\",\"name\":\"Grenada Vatanda\u015fl\u0131\u011f\u0131 2024'te Daha Ayr\u0131cal\u0131kl\u0131 Hale Geliyor\",\"isPartOf\":{\"@id\":\"https:\\\/\\\/www.riftrust.com\\\/tr\\\/#website\"},\"primaryImageOfPage\":{\"@id\":\"https:\\\/\\\/www.riftrust.com\\\/tr\\\/grenada-vatandasligi-2024te-daha-ayricalikli-hale-geliyor\\\/#primaryimage\"},\"image\":{\"@id\":\"https:\\\/\\\/www.riftrust.com\\\/tr\\\/grenada-vatandasligi-2024te-daha-ayricalikli-hale-geliyor\\\/#primaryimage\"},\"thumbnailUrl\":\"https:\\\/\\\/www.riftrust.com\\\/wp-content\\\/uploads\\\/2024\\\/04\\\/Grenada-Citizenship-Becomes-More-Exclusive-in-2024-Featured-Image.jpg\",\"datePublished\":\"2024-04-02T08:27:27+00:00\",\"dateModified\":\"2025-03-18T02:06:45+00:00\",\"description\":\"1 Nisan 2024 Pazartesi, Grenada vatanda\u015fl\u0131\u011f\u0131n\u0131n yeni vatanda\u015fl\u0131k k\u0131s\u0131tlamalar\u0131yla daha ayr\u0131cal\u0131kl\u0131 hale geldi\u011fi tarihtir.\",\"breadcrumb\":{\"@id\":\"https:\\\/\\\/www.riftrust.com\\\/tr\\\/grenada-vatandasligi-2024te-daha-ayricalikli-hale-geliyor\\\/#breadcrumb\"},\"inLanguage\":\"tr\",\"potentialAction\":[{\"@type\":\"ReadAction\",\"target\":[\"https:\\\/\\\/www.riftrust.com\\\/tr\\\/grenada-vatandasligi-2024te-daha-ayricalikli-hale-geliyor\\\/\"]}]},{\"@type\":\"ImageObject\",\"inLanguage\":\"tr\",\"@id\":\"https:\\\/\\\/www.riftrust.com\\\/tr\\\/grenada-vatandasligi-2024te-daha-ayricalikli-hale-geliyor\\\/#primaryimage\",\"url\":\"https:\\\/\\\/www.riftrust.com\\\/wp-content\\\/uploads\\\/2024\\\/04\\\/Grenada-Citizenship-Becomes-More-Exclusive-in-2024-Featured-Image.jpg\",\"contentUrl\":\"https:\\\/\\\/www.riftrust.com\\\/wp-content\\\/uploads\\\/2024\\\/04\\\/Grenada-Citizenship-Becomes-More-Exclusive-in-2024-Featured-Image.jpg\",\"width\":800,\"height\":445,\"caption\":\"Grenada is ideally navigated by boat.\"},{\"@type\":\"BreadcrumbList\",\"@id\":\"https:\\\/\\\/www.riftrust.com\\\/tr\\\/grenada-vatandasligi-2024te-daha-ayricalikli-hale-geliyor\\\/#breadcrumb\",\"itemListElement\":[{\"@type\":\"ListItem\",\"position\":1,\"name\":\"Home\",\"item\":\"https:\\\/\\\/www.riftrust.com\\\/tr\\\/ev\\\/\"},{\"@type\":\"ListItem\",\"position\":2,\"name\":\"Grenada Vatanda\u015fl\u0131\u011f\u0131 2024&#8217;te Daha Ayr\u0131cal\u0131kl\u0131 Hale Geliyor\"}]},{\"@type\":\"WebSite\",\"@id\":\"https:\\\/\\\/www.riftrust.com\\\/tr\\\/#website\",\"url\":\"https:\\\/\\\/www.riftrust.com\\\/tr\\\/\",\"name\":\"RIF Trust\",\"description\":\"Residency and Citizenship by investment\",\"publisher\":{\"@id\":\"https:\\\/\\\/www.riftrust.com\\\/tr\\\/#organization\"},\"potentialAction\":[{\"@type\":\"SearchAction\",\"target\":{\"@type\":\"EntryPoint\",\"urlTemplate\":\"https:\\\/\\\/www.riftrust.com\\\/tr\\\/?s={search_term_string}\"},\"query-input\":{\"@type\":\"PropertyValueSpecification\",\"valueRequired\":true,\"valueName\":\"search_term_string\"}}],\"inLanguage\":\"tr\"},{\"@type\":\"Organization\",\"@id\":\"https:\\\/\\\/www.riftrust.com\\\/tr\\\/#organization\",\"name\":\"RIF Trust\",\"url\":\"https:\\\/\\\/www.riftrust.com\\\/tr\\\/\",\"logo\":{\"@type\":\"ImageObject\",\"inLanguage\":\"tr\",\"@id\":\"https:\\\/\\\/www.riftrust.com\\\/tr\\\/#\\\/schema\\\/logo\\\/image\\\/\",\"url\":\"https:\\\/\\\/www.riftrust.com\\\/wp-content\\\/uploads\\\/2023\\\/05\\\/riftrust-logo.png\",\"contentUrl\":\"https:\\\/\\\/www.riftrust.com\\\/wp-content\\\/uploads\\\/2023\\\/05\\\/riftrust-logo.png\",\"width\":500,\"height\":294,\"caption\":\"RIF Trust\"},\"image\":{\"@id\":\"https:\\\/\\\/www.riftrust.com\\\/tr\\\/#\\\/schema\\\/logo\\\/image\\\/\"},\"sameAs\":[\"https:\\\/\\\/www.facebook.com\\\/riftrustllc\\\/\",\"https:\\\/\\\/x.com\\\/rif_trust\",\"https:\\\/\\\/www.instagram.com\\\/riftrust_citizenship\\\/\"]},{\"@type\":\"Person\",\"@id\":\"https:\\\/\\\/www.riftrust.com\\\/tr\\\/#\\\/schema\\\/person\\\/5d8768ac4e00b082212a9f4636c66611\",\"name\":\"Basem Rahouma\",\"url\":\"https:\\\/\\\/www.riftrust.com\\\/tr\\\/author\\\/basem\\\/\"}]}<\/script>\n<!-- \/ Yoast SEO Premium plugin. -->","yoast_head_json":{"title":"Grenada Vatanda\u015fl\u0131\u011f\u0131 2024'te Daha Ayr\u0131cal\u0131kl\u0131 Hale Geliyor","description":"1 Nisan 2024 Pazartesi, Grenada vatanda\u015fl\u0131\u011f\u0131n\u0131n yeni vatanda\u015fl\u0131k k\u0131s\u0131tlamalar\u0131yla daha ayr\u0131cal\u0131kl\u0131 hale geldi\u011fi tarihtir.","robots":{"index":"index","follow":"follow","max-snippet":"max-snippet:-1","max-image-preview":"max-image-preview:large","max-video-preview":"max-video-preview:-1"},"canonical":"https:\/\/www.riftrust.com\/tr\/grenada-vatandasligi-2024te-daha-ayricalikli-hale-geliyor\/","og_locale":"tr_TR","og_type":"article","og_title":"Grenada Vatanda\u015fl\u0131\u011f\u0131 2024'te Daha Ayr\u0131cal\u0131kl\u0131 Hale Geliyor","og_description":"1 Nisan 2024 Pazartesi, Grenada vatanda\u015fl\u0131\u011f\u0131n\u0131n yeni vatanda\u015fl\u0131k k\u0131s\u0131tlamalar\u0131yla daha ayr\u0131cal\u0131kl\u0131 hale geldi\u011fi tarihtir.","og_url":"https:\/\/www.riftrust.com\/tr\/grenada-vatandasligi-2024te-daha-ayricalikli-hale-geliyor\/","og_site_name":"RIF Trust","article_publisher":"https:\/\/www.facebook.com\/riftrustllc\/","article_published_time":"2024-04-02T08:27:27+00:00","article_modified_time":"2025-03-18T02:06:45+00:00","og_image":[{"width":800,"height":445,"url":"https:\/\/www.riftrust.com\/wp-content\/uploads\/2024\/04\/Grenada-Citizenship-Becomes-More-Exclusive-in-2024-Featured-Image.jpg","type":"image\/jpeg"}],"author":"Basem Rahouma","twitter_card":"summary_large_image","twitter_creator":"@rif_trust","twitter_site":"@rif_trust","twitter_misc":{"Yazan:":"Basem Rahouma","Tahmini okuma s\u00fcresi":"2 dakika"},"schema":{"@context":"https:\/\/schema.org","@graph":[{"@type":"Article","@id":"https:\/\/www.riftrust.com\/tr\/grenada-vatandasligi-2024te-daha-ayricalikli-hale-geliyor\/#article","isPartOf":{"@id":"https:\/\/www.riftrust.com\/tr\/grenada-vatandasligi-2024te-daha-ayricalikli-hale-geliyor\/"},"author":{"name":"Basem Rahouma","@id":"https:\/\/www.riftrust.com\/tr\/#\/schema\/person\/5d8768ac4e00b082212a9f4636c66611"},"headline":"Grenada Vatanda\u015fl\u0131\u011f\u0131 2024&#8217;te Daha Ayr\u0131cal\u0131kl\u0131 Hale Geliyor","datePublished":"2024-04-02T08:27:27+00:00","dateModified":"2025-03-18T02:06:45+00:00","mainEntityOfPage":{"@id":"https:\/\/www.riftrust.com\/tr\/grenada-vatandasligi-2024te-daha-ayricalikli-hale-geliyor\/"},"wordCount":474,"commentCount":0,"publisher":{"@id":"https:\/\/www.riftrust.com\/tr\/#organization"},"image":{"@id":"https:\/\/www.riftrust.com\/tr\/grenada-vatandasligi-2024te-daha-ayricalikli-hale-geliyor\/#primaryimage"},"thumbnailUrl":"https:\/\/www.riftrust.com\/wp-content\/uploads\/2024\/04\/Grenada-Citizenship-Becomes-More-Exclusive-in-2024-Featured-Image.jpg","keywords":["grenada yatirim yoluyla vatanda\u015flik","karayi\u0307p vatanda\u015fli\u011fi","yat\u0131r\u0131m yoluyla vatanda\u015fl\u0131k"],"articleSection":["Haber ak\u0131\u015f\u0131","Karayipler"],"inLanguage":"tr","potentialAction":[{"@type":"CommentAction","name":"Comment","target":["https:\/\/www.riftrust.com\/tr\/grenada-vatandasligi-2024te-daha-ayricalikli-hale-geliyor\/#respond"]}]},{"@type":"WebPage","@id":"https:\/\/www.riftrust.com\/tr\/grenada-vatandasligi-2024te-daha-ayricalikli-hale-geliyor\/","url":"https:\/\/www.riftrust.com\/tr\/grenada-vatandasligi-2024te-daha-ayricalikli-hale-geliyor\/","name":"Grenada Vatanda\u015fl\u0131\u011f\u0131 2024'te Daha Ayr\u0131cal\u0131kl\u0131 Hale Geliyor","isPartOf":{"@id":"https:\/\/www.riftrust.com\/tr\/#website"},"primaryImageOfPage":{"@id":"https:\/\/www.riftrust.com\/tr\/grenada-vatandasligi-2024te-daha-ayricalikli-hale-geliyor\/#primaryimage"},"image":{"@id":"https:\/\/www.riftrust.com\/tr\/grenada-vatandasligi-2024te-daha-ayricalikli-hale-geliyor\/#primaryimage"},"thumbnailUrl":"https:\/\/www.riftrust.com\/wp-content\/uploads\/2024\/04\/Grenada-Citizenship-Becomes-More-Exclusive-in-2024-Featured-Image.jpg","datePublished":"2024-04-02T08:27:27+00:00","dateModified":"2025-03-18T02:06:45+00:00","description":"1 Nisan 2024 Pazartesi, Grenada vatanda\u015fl\u0131\u011f\u0131n\u0131n yeni vatanda\u015fl\u0131k k\u0131s\u0131tlamalar\u0131yla daha ayr\u0131cal\u0131kl\u0131 hale geldi\u011fi tarihtir.","breadcrumb":{"@id":"https:\/\/www.riftrust.com\/tr\/grenada-vatandasligi-2024te-daha-ayricalikli-hale-geliyor\/#breadcrumb"},"inLanguage":"tr","potentialAction":[{"@type":"ReadAction","target":["https:\/\/www.riftrust.com\/tr\/grenada-vatandasligi-2024te-daha-ayricalikli-hale-geliyor\/"]}]},{"@type":"ImageObject","inLanguage":"tr","@id":"https:\/\/www.riftrust.com\/tr\/grenada-vatandasligi-2024te-daha-ayricalikli-hale-geliyor\/#primaryimage","url":"https:\/\/www.riftrust.com\/wp-content\/uploads\/2024\/04\/Grenada-Citizenship-Becomes-More-Exclusive-in-2024-Featured-Image.jpg","contentUrl":"https:\/\/www.riftrust.com\/wp-content\/uploads\/2024\/04\/Grenada-Citizenship-Becomes-More-Exclusive-in-2024-Featured-Image.jpg","width":800,"height":445,"caption":"Grenada is ideally navigated by boat."},{"@type":"BreadcrumbList","@id":"https:\/\/www.riftrust.com\/tr\/grenada-vatandasligi-2024te-daha-ayricalikli-hale-geliyor\/#breadcrumb","itemListElement":[{"@type":"ListItem","position":1,"name":"Home","item":"https:\/\/www.riftrust.com\/tr\/ev\/"},{"@type":"ListItem","position":2,"name":"Grenada Vatanda\u015fl\u0131\u011f\u0131 2024&#8217;te Daha Ayr\u0131cal\u0131kl\u0131 Hale Geliyor"}]},{"@type":"WebSite","@id":"https:\/\/www.riftrust.com\/tr\/#website","url":"https:\/\/www.riftrust.com\/tr\/","name":"RIF Trust","description":"Residency and Citizenship by investment","publisher":{"@id":"https:\/\/www.riftrust.com\/tr\/#organization"},"potentialAction":[{"@type":"SearchAction","target":{"@type":"EntryPoint","urlTemplate":"https:\/\/www.riftrust.com\/tr\/?s={search_term_string}"},"query-input":{"@type":"PropertyValueSpecification","valueRequired":true,"valueName":"search_term_string"}}],"inLanguage":"tr"},{"@type":"Organization","@id":"https:\/\/www.riftrust.com\/tr\/#organization","name":"RIF Trust","url":"https:\/\/www.riftrust.com\/tr\/","logo":{"@type":"ImageObject","inLanguage":"tr","@id":"https:\/\/www.riftrust.com\/tr\/#\/schema\/logo\/image\/","url":"https:\/\/www.riftrust.com\/wp-content\/uploads\/2023\/05\/riftrust-logo.png","contentUrl":"https:\/\/www.riftrust.com\/wp-content\/uploads\/2023\/05\/riftrust-logo.png","width":500,"height":294,"caption":"RIF Trust"},"image":{"@id":"https:\/\/www.riftrust.com\/tr\/#\/schema\/logo\/image\/"},"sameAs":["https:\/\/www.facebook.com\/riftrustllc\/","https:\/\/x.com\/rif_trust","https:\/\/www.instagram.com\/riftrust_citizenship\/"]},{"@type":"Person","@id":"https:\/\/www.riftrust.com\/tr\/#\/schema\/person\/5d8768ac4e00b082212a9f4636c66611","name":"Basem Rahouma","url":"https:\/\/www.riftrust.com\/tr\/author\/basem\/"}]}},"_links":{"self":[{"href":"https:\/\/www.riftrust.com\/tr\/wp-json\/wp\/v2\/posts\/29007","targetHints":{"allow":["GET"]}}],"collection":[{"href":"https:\/\/www.riftrust.com\/tr\/wp-json\/wp\/v2\/posts"}],"about":[{"href":"https:\/\/www.riftrust.com\/tr\/wp-json\/wp\/v2\/types\/post"}],"author":[{"embeddable":true,"href":"https:\/\/www.riftrust.com\/tr\/wp-json\/wp\/v2\/users\/11"}],"replies":[{"embeddable":true,"href":"https:\/\/www.riftrust.com\/tr\/wp-json\/wp\/v2\/comments?post=29007"}],"version-history":[{"count":0,"href":"https:\/\/www.riftrust.com\/tr\/wp-json\/wp\/v2\/posts\/29007\/revisions"}],"wp:featuredmedia":[{"embeddable":true,"href":"https:\/\/www.riftrust.com\/tr\/wp-json\/wp\/v2\/media\/28997"}],"wp:attachment":[{"href":"https:\/\/www.riftrust.com\/tr\/wp-json\/wp\/v2\/media?parent=29007"}],"wp:term":[{"taxonomy":"category","embeddable":true,"href":"https:\/\/www.riftrust.com\/tr\/wp-json\/wp\/v2\/categories?post=29007"},{"taxonomy":"post_tag","embeddable":true,"href":"https:\/\/www.riftrust.com\/tr\/wp-json\/wp\/v2\/tags?post=29007"}],"curies":[{"name":"wp","href":"https:\/\/api.w.org\/{rel}","templated":true}]}}