{"id":37463,"date":"2024-11-08T09:34:12","date_gmt":"2024-11-08T09:34:12","guid":{"rendered":"https:\/\/www.riftrust.com\/golden-visa-ispanya-yatirim-yoluyla-oturma-iznine-veda-mi-ediyor\/"},"modified":"2025-03-18T02:10:57","modified_gmt":"2025-03-18T02:10:57","slug":"golden-visa-ispanya-yatirim-yoluyla-oturma-iznine-veda-mi-ediyor","status":"publish","type":"post","link":"https:\/\/www.riftrust.com\/tr\/golden-visa-ispanya-yatirim-yoluyla-oturma-iznine-veda-mi-ediyor\/","title":{"rendered":"Golden Visa, \u0130spanya Yat\u0131r\u0131m Yoluyla Oturma \u0130znine Veda m\u0131 Ediyor?"},"content":{"rendered":"<h1>RIF Trust \u0130spanyol Alt\u0131n Vizesinin Son G\u00fcnlerini Kaps\u0131yor<\/h1>\n<p>RIF Trust&#8217;\u0131n Operasyon Direkt\u00f6r\u00fc David Regueiro, \u0130spanya&#8217;daki Alt\u0131n Vize konusunda derin bir anlay\u0131\u015fa sahip. Bu, onun kalbine \u00e7ok yak\u0131n olan bir <a href=\"https:\/\/www.riftrust.com\/tr\/yatirim-yoluyla-ikamet\/\" target=\"_blank\" rel=\"noopener\">Yat\u0131r\u0131m Yoluyla \u0130kamet<\/a> program\u0131d\u0131r. COO&#8217;muz \u0130spanya&#8217;da do\u011fdu ve b\u00fcy\u00fcd\u00fc.  <\/p>\n<p>David, &#8220;\u0130spanya&#8217;da g\u00fc\u00e7 dengesini elinde tutan sol partiler koalisyonu bir s\u00fcredir \u0130spanyol Alt\u0131n Vizesi&#8217;ni ortadan kald\u0131rmaya niyetli,&#8221; diye a\u00e7\u0131kl\u0131yor.<\/p>\n<p>&#8220;Sa\u011fdaki siyasi rakiplerinin muhalefetiyle kar\u015f\u0131la\u015facaklar\u0131n\u0131n fark\u0131ndalar, bu nedenle de \u0130spanya&#8217;da ikamet ederek yat\u0131r\u0131m yapabilmeyi m\u00fcmk\u00fcn olan her \u015fekilde ortadan kald\u0131rmaya \u00e7al\u0131\u015f\u0131yorlar.&#8221;<\/p>\n<p>&#8220;<a href=\"https:\/\/www.psoe.es\/\" target=\"_blank\" rel=\"noopener\">PSOE<\/a>, Partido Socialista Obrero Espa\u00f1ola, yani \u0130spanyol Sosyalist \u0130\u015f\u00e7i Partisi anlam\u0131na gelmektedir. Bu merkez sol partinin ana koalisyon orta\u011f\u0131 ilerici <a href=\"https:\/\/movimientosumar.es\/\" target=\"_blank\" rel=\"noopener\">Sumar<\/a>&#8216;d\u0131r. Siyasi yelpazenin di\u011fer taraf\u0131nda ise merkez sa\u011f Partido Pop\u00falar (Halk Partisi), <a href=\"https:\/\/www.pp.es\/\" target=\"_blank\" rel=\"noopener\">PP<\/a> ve sa\u011fc\u0131 <a href=\"https:\/\/www.voxespana.es\/\" target=\"_blank\" rel=\"noopener\">Vox<\/a> yer al\u0131yor.&#8221;  <\/p>\n<p>&#8220;Sol kesim \u0130spanya Alt\u0131n Vizesi&#8217;ni emlak fiyatlar\u0131ndaki art\u0131\u015fla ili\u015fkilendirerek \u0130spanya&#8217;y\u0131 vatanda\u015flar\u0131 i\u00e7in daha az eri\u015filebilir hale getirirken, sa\u011f kesim pop\u00fcler bir do\u011frudan yabanc\u0131 yat\u0131r\u0131m olan bir ikametgah\u0131 savunuyor. Asl\u0131nda \u0130spanyol Alt\u0131n Vizesi&#8217;nin ge\u00e7mi\u015fi 2013 y\u0131l\u0131na dayan\u0131yor. Bu, PP&#8217;li Mariano Rajoy&#8217;un \u00fclkenin ba\u015fkan\u0131 oldu\u011fu d\u00f6nemdi.&#8221;<\/p>\n<p>RIF Trust COO&#8217;su, AB&#8217;de ikamet etmek i\u00e7in \u0130spanyol gayrimenkul\u00fcne yat\u0131r\u0131m yapmak isteyen HNWI&#8217;lere \u015fu tavsiyelerde bulunuyor: &#8220;\u0130spanyol Alt\u0131n Vizesi i\u00e7in \u00f6l\u00fcm \u00e7an\u0131n\u0131n ne zaman \u00e7alaca\u011f\u0131 belirsizli\u011fini korurken, yine de h\u0131zl\u0131 hareket etmeniz gerekiyor. Bu Avrupa ikameti ortadan kalkmadan \u00f6nce minimum 350.000 Avroluk yat\u0131r\u0131m ko\u015fullar\u0131n\u0131 yerine getirirseniz, Schengen B\u00f6lgesi&#8217;nde vizesiz seyahat de dahil olmak \u00fczere avantajlar\u0131 \u00f6m\u00fcr boyu garanti alt\u0131na alm\u0131\u015f olursunuz.&#8221;<\/p>\n<h2>Alt\u0131n Vize, \u0130spanya Vedaya m\u0131 Haz\u0131rlan\u0131yor?<\/h2>\n<p>Bu makalede, \u0130spanya&#8217;daki son siyasi geli\u015fmeler \u0131\u015f\u0131\u011f\u0131nda <a href=\"https:\/\/www.riftrust.com\/tr\/yatirim-yoluyla-ikamet\/ispanya\/\" target=\"_blank\" rel=\"noopener\">\u0130spanyol Alt\u0131n Vizesi<\/a> &#8216;nin gelece\u011fine ili\u015fkin spek\u00fclasyonlar yap\u0131lmaktad\u0131r.<\/p>\n<p>Sumar&#8217;dan Enrique Santiago <a href=\"https:\/\/acrobat.adobe.com\/id\/urn:aaid:sc:AP:3aaa54fa-a086-41d0-a9ce-13b932e5c029\" target=\"_blank\" rel=\"noopener\">4 Kas\u0131m 2024 Pazartesi g\u00fcn\u00fc<\/a> Milletvekilleri Kongresi oturumunda konu\u015ftu. &#8220;Bu grup taraf\u0131ndan \u00f6nerilen alt\u0131n vizelerin y\u00fcr\u00fcrl\u00fckten kald\u0131r\u0131lmas\u0131&#8221; da dahil olmak \u00fczere &#8220;\u0130\u015f M\u00fcfetti\u015fli\u011finin rol\u00fcn\u00fc&#8221; tart\u0131\u015ft\u0131. &#8220;Alt\u0131n vizelerin kald\u0131r\u0131lmas\u0131 i\u00e7in 14\/2013 say\u0131l\u0131 Kanunun 63 ila 67. maddelerinin y\u00fcr\u00fcrl\u00fckten kald\u0131r\u0131lmas\u0131n\u0131 on alt\u0131nc\u0131 nihai h\u00fck\u00fcmde d\u00fczenlemek \u00fczere bu tasar\u0131dan yararlanmak \u00e7ok olumludur.&#8221; <\/p>\n<p>Valencia&#8217;da PP&#8217;yi temsil eden Milletvekili Fernando de Rosa, tasar\u0131n\u0131n g\u00f6r\u00fc\u015f\u00fclme zamanlamas\u0131n\u0131 ele\u015ftirdi. \u0130spanya&#8217;n\u0131n DANA do\u011fal felaketinin yaralar\u0131n\u0131 sarmaya \u00e7al\u0131\u015ft\u0131\u011f\u0131 bir d\u00f6nemde bunun yap\u0131lmamas\u0131 gerekti\u011fini d\u00fc\u015f\u00fcn\u00fcyordu. Seller en \u00e7ok kendi b\u00f6lgesini etkilemi\u015fti.  <\/p>\n<p>Ancak Adalet Komisyonu bu tasar\u0131y\u0131 kabul etmi\u015ftir. Adalet kamu hizmetinin etkinli\u011fine ve t\u00fcketiciler ile kullan\u0131c\u0131lar\u0131n hak ve menfaatlerinin korunmas\u0131 ve savunulmas\u0131na y\u00f6nelik toplu eylemlere ili\u015fkin tedbirler lehinde 20 oy kullan\u0131lm\u0131\u015ft\u0131r. 17 Milletvekili aleyhte oy kullanm\u0131\u015f ve \u00e7ekimser oy \u00e7\u0131kmam\u0131\u015ft\u0131r.  <\/p>\n<p>Bu tasar\u0131n\u0131n yasala\u015fmas\u0131 i\u00e7in daha gidilecek \u00e7ok yol var. Metin parlamento s\u00fcrecinde ilerlemeye devam ediyor. Ard\u0131ndan Senato&#8217;dan da ge\u00e7mesi gerekiyor.  <\/p>\n<p>Bu tasar\u0131n\u0131n ne zaman yasala\u015faca\u011f\u0131na ili\u015fkin tahminler farkl\u0131l\u0131k g\u00f6stermektedir. The Local Spain <a href=\"https:\/\/www.thelocal.es\/20241105\/spain-edges-closer-to-cancelling-golden-visas-in-january-2025\" target=\"_blank\" rel=\"noopener\">Ocak 2025<\/a> &#8216;te y\u00fcr\u00fcrl\u00fc\u011fe girece\u011fini \u00f6ng\u00f6r\u00fcrken, Europa Press PSOE ve ortaklar\u0131n\u0131n bu yasay\u0131 <a href=\"https:\/\/www.europapress.es\/economia\/construccion-y-vivienda-00342\/noticia-psoe-socios-usan-ley-justicia-acabar-golden-visa-antes-fin-ano-20241104142643.html\" target=\"_blank\" rel=\"noopener\">2024&#8217;\u00fcn sonuna<\/a> kadar \u00e7\u0131karaca\u011f\u0131n\u0131 \u00f6ne s\u00fcr\u00fcyor. Ancak Kongre Noel i\u00e7in tatile girdi\u011finden, RIF Trust olarak 2025 y\u0131l\u0131n\u0131n ortalar\u0131na kadar bir \u015fey olmas\u0131n\u0131 beklemiyoruz ve yasa daha fazla tart\u0131\u015f\u0131ld\u0131k\u00e7a \u00e7ok \u015fey de\u011fi\u015febilir.  <\/p>\n<h2>Yat\u0131r\u0131m Yoluyla \u0130spanya&#8217;da Oturma \u0130znine Nas\u0131l Yat\u0131r\u0131m Yap\u0131l\u0131r?<\/h2>\n<p>Gayrimenkul se\u00e7ene\u011fi, \u0130spanya&#8217;da Alt\u0131n Vize almak i\u00e7in uygun olan tek yat\u0131r\u0131m de\u011fildir. \u0130kamete giden ba\u015fka yollar da var. Ancak, h\u00fck\u00fcmetin planlar\u0131 yasala\u015f\u0131rsa, bir m\u00fclk sat\u0131n alarak veya alternatif yat\u0131r\u0131m yollar\u0131yla Yat\u0131r\u0131m Yoluyla \u0130spanya&#8217;da Oturma \u0130zni almaya hak kazanamayacaks\u0131n\u0131z.  <\/p>\n<p>Ancak \u015fu anda \u0130spanyol Alt\u0131n Vizesi, \u0130spanyol gayrimenkul\u00fcne yap\u0131lacak en az 350.000 dolarl\u0131k bir yat\u0131r\u0131mla al\u0131nabilmektedir. Bu 350.000 dolar\u0131 birden fazla gayrimenkule yayabilirsiniz. Fiziksel ikamet \u015fart\u0131 yoktur, bu nedenle bu gayrimenkul yat\u0131r\u0131m\u0131 bir aile evi yerine ticari bir birimde olabilir.  <\/p>\n<p>Yinelemek gerekirse, en az 350.000 Avroluk bir m\u00fclk sat\u0131n almak d\u0131\u015f\u0131nda \u0130spanya&#8217;da ikamet etmek i\u00e7in yat\u0131r\u0131m yapman\u0131n ba\u015fka yollar\u0131 da vard\u0131r. Bunlar aras\u0131nda \u0130spanyol kamu bor\u00e7lanma senetlerine 2.000.000 Avro veya alternatif olarak \u0130spanyol sermaye \u015firketlerine 1.000.000 Avro yat\u0131r\u0131m yapmak yer almaktad\u0131r. Di\u011fer se\u00e7enekler aras\u0131nda \u0130spanyol yat\u0131r\u0131m fonlar\u0131na 1.000.000 Avro ya da \u0130spanyol finansal kurulu\u015flar\u0131na 1.000.000 Avro yat\u0131r\u0131m yapmak yer almaktad\u0131r.  <\/p>\n<p>\u0130spanya Alt\u0131n Vizesi almak i\u00e7in izlenebilecek bir di\u011fer yat\u0131r\u0131m yolu da \u0130spanya&#8217;da yeni bir i\u015f kurmakt\u0131r. Bu i\u015f iki temel hedefe ula\u015fmal\u0131d\u0131r. Bunlardan ilki \u0130spanyol yerliler i\u00e7in istihdam yaratmak, ikincisi ise topluma fayda sa\u011flamak ya da bilimsel yenilikleri ilerletmektir.  <\/p>\n<p><img decoding=\"async\" class=\"alignnone size-full wp-image-37422 lazyload\" data-src=\"https:\/\/www.riftrust.com\/wp-content\/uploads\/2024\/11\/Golden-Visa-Spain-to-Say-Adios-to-Its-Residency-by-Investment.jpg\" alt=\"\u0130spanya'da alt\u0131n vizenin nesli t\u00fckenme tehlikesi alt\u0131nda m\u0131?\" width=\"2083\" height=\"1250\" data-srcset=\"https:\/\/www.riftrust.com\/wp-content\/uploads\/2024\/11\/Golden-Visa-Spain-to-Say-Adios-to-Its-Residency-by-Investment.jpg 2083w, https:\/\/www.riftrust.com\/wp-content\/uploads\/2024\/11\/Golden-Visa-Spain-to-Say-Adios-to-Its-Residency-by-Investment-300x180.jpg 300w, https:\/\/www.riftrust.com\/wp-content\/uploads\/2024\/11\/Golden-Visa-Spain-to-Say-Adios-to-Its-Residency-by-Investment-1024x614.jpg 1024w, https:\/\/www.riftrust.com\/wp-content\/uploads\/2024\/11\/Golden-Visa-Spain-to-Say-Adios-to-Its-Residency-by-Investment-768x461.jpg 768w, https:\/\/www.riftrust.com\/wp-content\/uploads\/2024\/11\/Golden-Visa-Spain-to-Say-Adios-to-Its-Residency-by-Investment-1536x922.jpg 1536w, https:\/\/www.riftrust.com\/wp-content\/uploads\/2024\/11\/Golden-Visa-Spain-to-Say-Adios-to-Its-Residency-by-Investment-2048x1229.jpg 2048w, https:\/\/www.riftrust.com\/wp-content\/uploads\/2024\/11\/Golden-Visa-Spain-to-Say-Adios-to-Its-Residency-by-Investment-400x240.jpg 400w\" data-sizes=\"(max-width: 2083px) 100vw, 2083px\" src=\"data:image\/gif;base64,R0lGODlhAQABAAAAACH5BAEKAAEALAAAAAABAAEAAAICTAEAOw==\" style=\"--smush-placeholder-width: 2083px; --smush-placeholder-aspect-ratio: 2083\/1250;\" \/><\/p>\n<h2>\u0130spanya&#8217;da Alt\u0131n Vize Almak \u0130\u00e7in Son Tarihi Ge\u00e7in<\/h2>\n<p>Program\u0131n yak\u0131nda kapat\u0131laca\u011f\u0131na dair s\u00f6ylentiler abart\u0131l\u0131yor. Evet, yak\u0131nda olabilir ama hay\u0131r, bu garanti de\u011fil. Ayr\u0131ca, potansiyel ba\u015fvuru sahipleri s\u00fcrecin eskisinden daha az istikrarl\u0131 oldu\u011fu konusunda herhangi bir endi\u015fe duymamal\u0131d\u0131r.  <\/p>\n<p>\u0130spanya&#8217;da Alt\u0131n Vize&#8217;nin mali olmayan ko\u015fullar\u0131 a\u00e7\u0131s\u0131ndan, \u0130spanya&#8217;da bulundu\u011funuz s\u00fcre boyunca hem sizi hem de bakmakla y\u00fck\u00fcml\u00fc oldu\u011funuz aile bireylerini kapsayan bir sa\u011fl\u0131k sigortas\u0131 poli\u00e7esi olu\u015fturman\u0131z gerekmektedir. \u00dclkede 10 y\u0131l (LATAM veya Filipinler&#8217;den iseniz 2 y\u0131l) yasal olarak ikamet ettikten sonra, siz ve aileniz de vatanda\u015fl\u0131\u011fa ge\u00e7ebilir ve \u0130spanyol vatanda\u015f\u0131 olabilirsiniz. Bu sayede herhangi bir AB \u00fclkesinde ya\u015fayabilirsiniz.  <\/p>\n<p><a href=\"https:\/\/www.riftrust.com\/passport-index\/spain-passport\/\" target=\"_blank\" rel=\"noopener\">\u0130spanyol pasaportu<\/a> d\u00fcnyadaki en g\u00fc\u00e7l\u00fc seyahat belgesidir. Aralar\u0131nda Brezilya, \u00c7in ve Almanya&#8217;n\u0131n da bulundu\u011fu 126 noktaya vizesiz seyahat edebilirsiniz. Var\u0131\u015fta vize ile girebilece\u011finiz 31 \u00fclke ve \u00f6nceden eVize ba\u015fvurusunda bulunman\u0131z\u0131 gerektiren 26 destinasyon vard\u0131r.  <\/p>\n<p>\u0130spanya Golden Visa planlar\u0131n\u0131z\u0131 sonu\u00e7land\u0131rmadan \u00f6nce, RIF Trust gibi bir Yat\u0131r\u0131m Yoluyla Oturma \u0130zni yetkilisinin uzman g\u00f6r\u00fc\u015f\u00fcn\u00fc almal\u0131s\u0131n\u0131z. \u0130spanya Alt\u0131n Vizesi&#8217;ne yat\u0131r\u0131m yapmak alt\u0131n bir f\u0131rsatt\u0131r ancak ba\u015fvurunuzun t\u00fcm noktalar\u0131n\u0131 i\u015faretleyebilecek bir dan\u0131\u015fmandan hizmet ald\u0131\u011f\u0131n\u0131zdan emin olmal\u0131s\u0131n\u0131z. <\/p>\n<p>\u015eimdi <a href=\"https:\/\/www.riftrust.com\/tr\/iletisim\/\" target=\"_blank\" rel=\"noopener\">bizimle ileti\u015fime<\/a> ge\u00e7in ve size \u00e7ok ge\u00e7 olmadan en de\u011ferli alt\u0131n vizelerden birine do\u011fru ilk ad\u0131m\u0131 nas\u0131l ataca\u011f\u0131n\u0131z\u0131 g\u00f6sterelim.<\/p>\n","protected":false},"excerpt":{"rendered":"<p>\u0130spanya&#8217;da alt\u0131n vize ortadan kalkacak m\u0131?<\/p>\n","protected":false},"author":11,"featured_media":37453,"comment_status":"closed","ping_status":"closed","sticky":false,"template":"","format":"standard","meta":{"_acf_changed":false,"footnotes":"","_wp_rev_ctl_limit":""},"categories":[328,327],"tags":[2304,1217,878],"class_list":["post-37463","post","type-post","status-publish","format-standard","has-post-thumbnail","hentry","category-avrupa","category-haber-akisi","tag-altin-vizeler","tag-avrupada-ikamet","tag-yatirim-yoluyla-ikamet"],"acf":[],"yoast_head":"<!-- This site is optimized with the Yoast SEO Premium plugin v23.4 (Yoast SEO v27.5) - https:\/\/yoast.com\/product\/yoast-seo-premium-wordpress\/ -->\n<title>Golden Visa, \u0130spanya Oturma \u0130zni Program\u0131na Veda m\u0131 Ediyor?<\/title>\n<meta name=\"description\" content=\"Alt\u0131n vizesi ile \u0130spanya, Yat\u0131r\u0131mlar Yoluyla Avrupa&#039;da \u0130kamet programlar\u0131n\u0131n en pop\u00fclerlerinden biri haline gelmi\u015ftir. Program\u0131n gelece\u011fi ne olacak?\" \/>\n<meta name=\"robots\" content=\"index, follow, max-snippet:-1, max-image-preview:large, max-video-preview:-1\" \/>\n<link rel=\"canonical\" href=\"https:\/\/www.riftrust.com\/tr\/golden-visa-ispanya-yatirim-yoluyla-oturma-iznine-veda-mi-ediyor\/\" \/>\n<meta property=\"og:locale\" content=\"tr_TR\" \/>\n<meta property=\"og:type\" content=\"article\" \/>\n<meta property=\"og:title\" content=\"Golden Visa, \u0130spanya Yat\u0131r\u0131m Yoluyla Oturma \u0130znine Veda m\u0131 Ediyor?\" \/>\n<meta property=\"og:description\" content=\"Alt\u0131n vizesi ile \u0130spanya, Yat\u0131r\u0131mlar Yoluyla Avrupa&#039;da \u0130kamet programlar\u0131n\u0131n en pop\u00fclerlerinden biri haline gelmi\u015ftir. Program\u0131n gelece\u011fi ne olacak?\" \/>\n<meta property=\"og:url\" content=\"https:\/\/www.riftrust.com\/tr\/golden-visa-ispanya-yatirim-yoluyla-oturma-iznine-veda-mi-ediyor\/\" \/>\n<meta property=\"og:site_name\" content=\"RIF Trust\" \/>\n<meta property=\"article:publisher\" content=\"https:\/\/www.facebook.com\/riftrustllc\/\" \/>\n<meta property=\"article:published_time\" content=\"2024-11-08T09:34:12+00:00\" \/>\n<meta property=\"article:modified_time\" content=\"2025-03-18T02:10:57+00:00\" \/>\n<meta property=\"og:image\" content=\"https:\/\/www.riftrust.com\/wp-content\/uploads\/2024\/11\/Golden-Visa-Spain-to-Say-Adios-to-Its-Residency-by-Investment-Featured-Image.jpg\" \/>\n\t<meta property=\"og:image:width\" content=\"800\" \/>\n\t<meta property=\"og:image:height\" content=\"445\" \/>\n\t<meta property=\"og:image:type\" content=\"image\/jpeg\" \/>\n<meta name=\"author\" content=\"Basem Rahouma\" \/>\n<meta name=\"twitter:card\" content=\"summary_large_image\" \/>\n<meta name=\"twitter:creator\" content=\"@rif_trust\" \/>\n<meta name=\"twitter:site\" content=\"@rif_trust\" \/>\n<meta name=\"twitter:label1\" content=\"Yazan:\" \/>\n\t<meta name=\"twitter:data1\" content=\"Basem Rahouma\" \/>\n\t<meta name=\"twitter:label2\" content=\"Tahmini okuma s\u00fcresi\" \/>\n\t<meta name=\"twitter:data2\" content=\"6 dakika\" \/>\n<script type=\"application\/ld+json\" class=\"yoast-schema-graph\">{\"@context\":\"https:\\\/\\\/schema.org\",\"@graph\":[{\"@type\":\"Article\",\"@id\":\"https:\\\/\\\/www.riftrust.com\\\/tr\\\/golden-visa-ispanya-yatirim-yoluyla-oturma-iznine-veda-mi-ediyor\\\/#article\",\"isPartOf\":{\"@id\":\"https:\\\/\\\/www.riftrust.com\\\/tr\\\/golden-visa-ispanya-yatirim-yoluyla-oturma-iznine-veda-mi-ediyor\\\/\"},\"author\":{\"name\":\"Basem Rahouma\",\"@id\":\"https:\\\/\\\/www.riftrust.com\\\/tr\\\/#\\\/schema\\\/person\\\/5d8768ac4e00b082212a9f4636c66611\"},\"headline\":\"Golden Visa, \u0130spanya Yat\u0131r\u0131m Yoluyla Oturma \u0130znine Veda m\u0131 Ediyor?\",\"datePublished\":\"2024-11-08T09:34:12+00:00\",\"dateModified\":\"2025-03-18T02:10:57+00:00\",\"mainEntityOfPage\":{\"@id\":\"https:\\\/\\\/www.riftrust.com\\\/tr\\\/golden-visa-ispanya-yatirim-yoluyla-oturma-iznine-veda-mi-ediyor\\\/\"},\"wordCount\":1181,\"publisher\":{\"@id\":\"https:\\\/\\\/www.riftrust.com\\\/tr\\\/#organization\"},\"image\":{\"@id\":\"https:\\\/\\\/www.riftrust.com\\\/tr\\\/golden-visa-ispanya-yatirim-yoluyla-oturma-iznine-veda-mi-ediyor\\\/#primaryimage\"},\"thumbnailUrl\":\"https:\\\/\\\/www.riftrust.com\\\/wp-content\\\/uploads\\\/2024\\\/11\\\/Golden-Visa-Spain-to-Say-Adios-to-Its-Residency-by-Investment-Featured-Image.jpg\",\"keywords\":[\"alt\u0131n vizeler\",\"avrupa'da i\u0307kamet\",\"yat\u0131r\u0131m yoluyla ikamet\"],\"articleSection\":[\"Avrupa\",\"Haber ak\u0131\u015f\u0131\"],\"inLanguage\":\"tr\"},{\"@type\":\"WebPage\",\"@id\":\"https:\\\/\\\/www.riftrust.com\\\/tr\\\/golden-visa-ispanya-yatirim-yoluyla-oturma-iznine-veda-mi-ediyor\\\/\",\"url\":\"https:\\\/\\\/www.riftrust.com\\\/tr\\\/golden-visa-ispanya-yatirim-yoluyla-oturma-iznine-veda-mi-ediyor\\\/\",\"name\":\"Golden Visa, \u0130spanya Oturma \u0130zni Program\u0131na Veda m\u0131 Ediyor?\",\"isPartOf\":{\"@id\":\"https:\\\/\\\/www.riftrust.com\\\/tr\\\/#website\"},\"primaryImageOfPage\":{\"@id\":\"https:\\\/\\\/www.riftrust.com\\\/tr\\\/golden-visa-ispanya-yatirim-yoluyla-oturma-iznine-veda-mi-ediyor\\\/#primaryimage\"},\"image\":{\"@id\":\"https:\\\/\\\/www.riftrust.com\\\/tr\\\/golden-visa-ispanya-yatirim-yoluyla-oturma-iznine-veda-mi-ediyor\\\/#primaryimage\"},\"thumbnailUrl\":\"https:\\\/\\\/www.riftrust.com\\\/wp-content\\\/uploads\\\/2024\\\/11\\\/Golden-Visa-Spain-to-Say-Adios-to-Its-Residency-by-Investment-Featured-Image.jpg\",\"datePublished\":\"2024-11-08T09:34:12+00:00\",\"dateModified\":\"2025-03-18T02:10:57+00:00\",\"description\":\"Alt\u0131n vizesi ile \u0130spanya, Yat\u0131r\u0131mlar Yoluyla Avrupa'da \u0130kamet programlar\u0131n\u0131n en pop\u00fclerlerinden biri haline gelmi\u015ftir. Program\u0131n gelece\u011fi ne olacak?\",\"breadcrumb\":{\"@id\":\"https:\\\/\\\/www.riftrust.com\\\/tr\\\/golden-visa-ispanya-yatirim-yoluyla-oturma-iznine-veda-mi-ediyor\\\/#breadcrumb\"},\"inLanguage\":\"tr\",\"potentialAction\":[{\"@type\":\"ReadAction\",\"target\":[\"https:\\\/\\\/www.riftrust.com\\\/tr\\\/golden-visa-ispanya-yatirim-yoluyla-oturma-iznine-veda-mi-ediyor\\\/\"]}]},{\"@type\":\"ImageObject\",\"inLanguage\":\"tr\",\"@id\":\"https:\\\/\\\/www.riftrust.com\\\/tr\\\/golden-visa-ispanya-yatirim-yoluyla-oturma-iznine-veda-mi-ediyor\\\/#primaryimage\",\"url\":\"https:\\\/\\\/www.riftrust.com\\\/wp-content\\\/uploads\\\/2024\\\/11\\\/Golden-Visa-Spain-to-Say-Adios-to-Its-Residency-by-Investment-Featured-Image.jpg\",\"contentUrl\":\"https:\\\/\\\/www.riftrust.com\\\/wp-content\\\/uploads\\\/2024\\\/11\\\/Golden-Visa-Spain-to-Say-Adios-to-Its-Residency-by-Investment-Featured-Image.jpg\",\"width\":800,\"height\":445,\"caption\":\"Does the golden visa in Spain have a future?\"},{\"@type\":\"BreadcrumbList\",\"@id\":\"https:\\\/\\\/www.riftrust.com\\\/tr\\\/golden-visa-ispanya-yatirim-yoluyla-oturma-iznine-veda-mi-ediyor\\\/#breadcrumb\",\"itemListElement\":[{\"@type\":\"ListItem\",\"position\":1,\"name\":\"Home\",\"item\":\"https:\\\/\\\/www.riftrust.com\\\/tr\\\/ev\\\/\"},{\"@type\":\"ListItem\",\"position\":2,\"name\":\"Golden Visa, \u0130spanya Yat\u0131r\u0131m Yoluyla Oturma \u0130znine Veda m\u0131 Ediyor?\"}]},{\"@type\":\"WebSite\",\"@id\":\"https:\\\/\\\/www.riftrust.com\\\/tr\\\/#website\",\"url\":\"https:\\\/\\\/www.riftrust.com\\\/tr\\\/\",\"name\":\"RIF Trust\",\"description\":\"Residency and Citizenship by investment\",\"publisher\":{\"@id\":\"https:\\\/\\\/www.riftrust.com\\\/tr\\\/#organization\"},\"potentialAction\":[{\"@type\":\"SearchAction\",\"target\":{\"@type\":\"EntryPoint\",\"urlTemplate\":\"https:\\\/\\\/www.riftrust.com\\\/tr\\\/?s={search_term_string}\"},\"query-input\":{\"@type\":\"PropertyValueSpecification\",\"valueRequired\":true,\"valueName\":\"search_term_string\"}}],\"inLanguage\":\"tr\"},{\"@type\":\"Organization\",\"@id\":\"https:\\\/\\\/www.riftrust.com\\\/tr\\\/#organization\",\"name\":\"RIF Trust\",\"url\":\"https:\\\/\\\/www.riftrust.com\\\/tr\\\/\",\"logo\":{\"@type\":\"ImageObject\",\"inLanguage\":\"tr\",\"@id\":\"https:\\\/\\\/www.riftrust.com\\\/tr\\\/#\\\/schema\\\/logo\\\/image\\\/\",\"url\":\"https:\\\/\\\/www.riftrust.com\\\/wp-content\\\/uploads\\\/2023\\\/05\\\/riftrust-logo.png\",\"contentUrl\":\"https:\\\/\\\/www.riftrust.com\\\/wp-content\\\/uploads\\\/2023\\\/05\\\/riftrust-logo.png\",\"width\":500,\"height\":294,\"caption\":\"RIF Trust\"},\"image\":{\"@id\":\"https:\\\/\\\/www.riftrust.com\\\/tr\\\/#\\\/schema\\\/logo\\\/image\\\/\"},\"sameAs\":[\"https:\\\/\\\/www.facebook.com\\\/riftrustllc\\\/\",\"https:\\\/\\\/x.com\\\/rif_trust\",\"https:\\\/\\\/www.instagram.com\\\/riftrust_citizenship\\\/\"]},{\"@type\":\"Person\",\"@id\":\"https:\\\/\\\/www.riftrust.com\\\/tr\\\/#\\\/schema\\\/person\\\/5d8768ac4e00b082212a9f4636c66611\",\"name\":\"Basem Rahouma\",\"url\":\"https:\\\/\\\/www.riftrust.com\\\/tr\\\/author\\\/basem\\\/\"}]}<\/script>\n<!-- \/ Yoast SEO Premium plugin. -->","yoast_head_json":{"title":"Golden Visa, \u0130spanya Oturma \u0130zni Program\u0131na Veda m\u0131 Ediyor?","description":"Alt\u0131n vizesi ile \u0130spanya, Yat\u0131r\u0131mlar Yoluyla Avrupa'da \u0130kamet programlar\u0131n\u0131n en pop\u00fclerlerinden biri haline gelmi\u015ftir. Program\u0131n gelece\u011fi ne olacak?","robots":{"index":"index","follow":"follow","max-snippet":"max-snippet:-1","max-image-preview":"max-image-preview:large","max-video-preview":"max-video-preview:-1"},"canonical":"https:\/\/www.riftrust.com\/tr\/golden-visa-ispanya-yatirim-yoluyla-oturma-iznine-veda-mi-ediyor\/","og_locale":"tr_TR","og_type":"article","og_title":"Golden Visa, \u0130spanya Yat\u0131r\u0131m Yoluyla Oturma \u0130znine Veda m\u0131 Ediyor?","og_description":"Alt\u0131n vizesi ile \u0130spanya, Yat\u0131r\u0131mlar Yoluyla Avrupa'da \u0130kamet programlar\u0131n\u0131n en pop\u00fclerlerinden biri haline gelmi\u015ftir. Program\u0131n gelece\u011fi ne olacak?","og_url":"https:\/\/www.riftrust.com\/tr\/golden-visa-ispanya-yatirim-yoluyla-oturma-iznine-veda-mi-ediyor\/","og_site_name":"RIF Trust","article_publisher":"https:\/\/www.facebook.com\/riftrustllc\/","article_published_time":"2024-11-08T09:34:12+00:00","article_modified_time":"2025-03-18T02:10:57+00:00","og_image":[{"width":800,"height":445,"url":"https:\/\/www.riftrust.com\/wp-content\/uploads\/2024\/11\/Golden-Visa-Spain-to-Say-Adios-to-Its-Residency-by-Investment-Featured-Image.jpg","type":"image\/jpeg"}],"author":"Basem Rahouma","twitter_card":"summary_large_image","twitter_creator":"@rif_trust","twitter_site":"@rif_trust","twitter_misc":{"Yazan:":"Basem Rahouma","Tahmini okuma s\u00fcresi":"6 dakika"},"schema":{"@context":"https:\/\/schema.org","@graph":[{"@type":"Article","@id":"https:\/\/www.riftrust.com\/tr\/golden-visa-ispanya-yatirim-yoluyla-oturma-iznine-veda-mi-ediyor\/#article","isPartOf":{"@id":"https:\/\/www.riftrust.com\/tr\/golden-visa-ispanya-yatirim-yoluyla-oturma-iznine-veda-mi-ediyor\/"},"author":{"name":"Basem Rahouma","@id":"https:\/\/www.riftrust.com\/tr\/#\/schema\/person\/5d8768ac4e00b082212a9f4636c66611"},"headline":"Golden Visa, \u0130spanya Yat\u0131r\u0131m Yoluyla Oturma \u0130znine Veda m\u0131 Ediyor?","datePublished":"2024-11-08T09:34:12+00:00","dateModified":"2025-03-18T02:10:57+00:00","mainEntityOfPage":{"@id":"https:\/\/www.riftrust.com\/tr\/golden-visa-ispanya-yatirim-yoluyla-oturma-iznine-veda-mi-ediyor\/"},"wordCount":1181,"publisher":{"@id":"https:\/\/www.riftrust.com\/tr\/#organization"},"image":{"@id":"https:\/\/www.riftrust.com\/tr\/golden-visa-ispanya-yatirim-yoluyla-oturma-iznine-veda-mi-ediyor\/#primaryimage"},"thumbnailUrl":"https:\/\/www.riftrust.com\/wp-content\/uploads\/2024\/11\/Golden-Visa-Spain-to-Say-Adios-to-Its-Residency-by-Investment-Featured-Image.jpg","keywords":["alt\u0131n vizeler","avrupa'da i\u0307kamet","yat\u0131r\u0131m yoluyla ikamet"],"articleSection":["Avrupa","Haber ak\u0131\u015f\u0131"],"inLanguage":"tr"},{"@type":"WebPage","@id":"https:\/\/www.riftrust.com\/tr\/golden-visa-ispanya-yatirim-yoluyla-oturma-iznine-veda-mi-ediyor\/","url":"https:\/\/www.riftrust.com\/tr\/golden-visa-ispanya-yatirim-yoluyla-oturma-iznine-veda-mi-ediyor\/","name":"Golden Visa, \u0130spanya Oturma \u0130zni Program\u0131na Veda m\u0131 Ediyor?","isPartOf":{"@id":"https:\/\/www.riftrust.com\/tr\/#website"},"primaryImageOfPage":{"@id":"https:\/\/www.riftrust.com\/tr\/golden-visa-ispanya-yatirim-yoluyla-oturma-iznine-veda-mi-ediyor\/#primaryimage"},"image":{"@id":"https:\/\/www.riftrust.com\/tr\/golden-visa-ispanya-yatirim-yoluyla-oturma-iznine-veda-mi-ediyor\/#primaryimage"},"thumbnailUrl":"https:\/\/www.riftrust.com\/wp-content\/uploads\/2024\/11\/Golden-Visa-Spain-to-Say-Adios-to-Its-Residency-by-Investment-Featured-Image.jpg","datePublished":"2024-11-08T09:34:12+00:00","dateModified":"2025-03-18T02:10:57+00:00","description":"Alt\u0131n vizesi ile \u0130spanya, Yat\u0131r\u0131mlar Yoluyla Avrupa'da \u0130kamet programlar\u0131n\u0131n en pop\u00fclerlerinden biri haline gelmi\u015ftir. Program\u0131n gelece\u011fi ne olacak?","breadcrumb":{"@id":"https:\/\/www.riftrust.com\/tr\/golden-visa-ispanya-yatirim-yoluyla-oturma-iznine-veda-mi-ediyor\/#breadcrumb"},"inLanguage":"tr","potentialAction":[{"@type":"ReadAction","target":["https:\/\/www.riftrust.com\/tr\/golden-visa-ispanya-yatirim-yoluyla-oturma-iznine-veda-mi-ediyor\/"]}]},{"@type":"ImageObject","inLanguage":"tr","@id":"https:\/\/www.riftrust.com\/tr\/golden-visa-ispanya-yatirim-yoluyla-oturma-iznine-veda-mi-ediyor\/#primaryimage","url":"https:\/\/www.riftrust.com\/wp-content\/uploads\/2024\/11\/Golden-Visa-Spain-to-Say-Adios-to-Its-Residency-by-Investment-Featured-Image.jpg","contentUrl":"https:\/\/www.riftrust.com\/wp-content\/uploads\/2024\/11\/Golden-Visa-Spain-to-Say-Adios-to-Its-Residency-by-Investment-Featured-Image.jpg","width":800,"height":445,"caption":"Does the golden visa in Spain have a future?"},{"@type":"BreadcrumbList","@id":"https:\/\/www.riftrust.com\/tr\/golden-visa-ispanya-yatirim-yoluyla-oturma-iznine-veda-mi-ediyor\/#breadcrumb","itemListElement":[{"@type":"ListItem","position":1,"name":"Home","item":"https:\/\/www.riftrust.com\/tr\/ev\/"},{"@type":"ListItem","position":2,"name":"Golden Visa, \u0130spanya Yat\u0131r\u0131m Yoluyla Oturma \u0130znine Veda m\u0131 Ediyor?"}]},{"@type":"WebSite","@id":"https:\/\/www.riftrust.com\/tr\/#website","url":"https:\/\/www.riftrust.com\/tr\/","name":"RIF Trust","description":"Residency and Citizenship by investment","publisher":{"@id":"https:\/\/www.riftrust.com\/tr\/#organization"},"potentialAction":[{"@type":"SearchAction","target":{"@type":"EntryPoint","urlTemplate":"https:\/\/www.riftrust.com\/tr\/?s={search_term_string}"},"query-input":{"@type":"PropertyValueSpecification","valueRequired":true,"valueName":"search_term_string"}}],"inLanguage":"tr"},{"@type":"Organization","@id":"https:\/\/www.riftrust.com\/tr\/#organization","name":"RIF Trust","url":"https:\/\/www.riftrust.com\/tr\/","logo":{"@type":"ImageObject","inLanguage":"tr","@id":"https:\/\/www.riftrust.com\/tr\/#\/schema\/logo\/image\/","url":"https:\/\/www.riftrust.com\/wp-content\/uploads\/2023\/05\/riftrust-logo.png","contentUrl":"https:\/\/www.riftrust.com\/wp-content\/uploads\/2023\/05\/riftrust-logo.png","width":500,"height":294,"caption":"RIF Trust"},"image":{"@id":"https:\/\/www.riftrust.com\/tr\/#\/schema\/logo\/image\/"},"sameAs":["https:\/\/www.facebook.com\/riftrustllc\/","https:\/\/x.com\/rif_trust","https:\/\/www.instagram.com\/riftrust_citizenship\/"]},{"@type":"Person","@id":"https:\/\/www.riftrust.com\/tr\/#\/schema\/person\/5d8768ac4e00b082212a9f4636c66611","name":"Basem Rahouma","url":"https:\/\/www.riftrust.com\/tr\/author\/basem\/"}]}},"_links":{"self":[{"href":"https:\/\/www.riftrust.com\/tr\/wp-json\/wp\/v2\/posts\/37463","targetHints":{"allow":["GET"]}}],"collection":[{"href":"https:\/\/www.riftrust.com\/tr\/wp-json\/wp\/v2\/posts"}],"about":[{"href":"https:\/\/www.riftrust.com\/tr\/wp-json\/wp\/v2\/types\/post"}],"author":[{"embeddable":true,"href":"https:\/\/www.riftrust.com\/tr\/wp-json\/wp\/v2\/users\/11"}],"replies":[{"embeddable":true,"href":"https:\/\/www.riftrust.com\/tr\/wp-json\/wp\/v2\/comments?post=37463"}],"version-history":[{"count":0,"href":"https:\/\/www.riftrust.com\/tr\/wp-json\/wp\/v2\/posts\/37463\/revisions"}],"wp:featuredmedia":[{"embeddable":true,"href":"https:\/\/www.riftrust.com\/tr\/wp-json\/wp\/v2\/media\/37453"}],"wp:attachment":[{"href":"https:\/\/www.riftrust.com\/tr\/wp-json\/wp\/v2\/media?parent=37463"}],"wp:term":[{"taxonomy":"category","embeddable":true,"href":"https:\/\/www.riftrust.com\/tr\/wp-json\/wp\/v2\/categories?post=37463"},{"taxonomy":"post_tag","embeddable":true,"href":"https:\/\/www.riftrust.com\/tr\/wp-json\/wp\/v2\/tags?post=37463"}],"curies":[{"name":"wp","href":"https:\/\/api.w.org\/{rel}","templated":true}]}}